{"id":63700,"date":"2023-04-18T14:05:00","date_gmt":"2023-04-18T12:05:00","guid":{"rendered":"https:\/\/fsmcv.org\/?p=63700"},"modified":"2023-10-23T16:10:11","modified_gmt":"2023-10-23T14:10:11","slug":"la-fsmcv-convoca-la-quarta-edicio-del-cicle-de-concerts-de-musics-amb-denominacio-dorigen","status":"publish","type":"post","link":"https:\/\/fsmcv.org\/vl\/noticies-campanyes\/musics-amb-d-o-vl\/la-fsmcv-convoca-la-quarta-edicio-del-cicle-de-concerts-de-musics-amb-denominacio-dorigen\/","title":{"rendered":"La FSMCV convoca la quarta edici\u00f3 del cicle de concerts de &#8216;M\u00fasics amb Denominaci\u00f3 d&#8217;Origen&#8217;"},"content":{"rendered":"\n<p>La FSMCV convoca, en el marc del conveni amb Turisme Comunitat Valenciana, la quarta edici\u00f3 de \u2018M\u00fasics amb Denominaci\u00f3 d&#8217;Origen &#8211; Circuit de concerts per al foment del turisme a la Comunitat Valenciana\u2019.<\/p>\n\n\n\n<p>L&#8217;objectiu d&#8217;aquest cicle \u00e9s fomentar i incentivar el turisme en la Comunitat a trav\u00e9s d&#8217;una s\u00e8rie de 25 concerts, preferentment en espais oberts, que se celebraran entre el 15 de maig i el 15 d&#8217;octubre de 2023. Les societats musicals interessades poden consultar les bases i inscriure&#8217;s en el proc\u00e9s a trav\u00e9s de la plataforma Velneo.<\/p>\n\n\n\n<p>Ser\u00e0 requisit indispensable per a participar en la present campanya haver emplenat el formulari i enquesta de \u2018M\u00fasics amb D.O.\u2019 : <a href=\"https:\/\/docs.google.com\/forms\/d\/e\/1FAIpQLSf8rJI78LS4Wi_O6Z6MOrkFJOCApSN8TR9PF3fe9cO5Qa7SwQ\/viewform\" target=\"_blank\" rel=\"noopener\">https:\/\/docs.google.com\/forms\/d\/e\/1FAIpQLSf8rJI78LS4Wi_O6Z6MOrkFJOCApSN8TR9PF3fe9cO5Qa7SwQ\/viewform<\/a><\/p>\n\n\n\n<p><br>El termini de presentaci\u00f3 de les sol\u00b7licituds estar\u00e0 obert fins al pr\u00f2xim 21 d&#8217;abril.<br>Davant qualsevol q\u00fcesti\u00f3 poden posar-se en contacte amb la FSMCV a trav\u00e9s del correu<br>electr\u00f2nic: turisme@fsmcv.org<\/p>\n","protected":false},"excerpt":{"rendered":"<p>La FSMCV convoca, en el marc del conveni amb Turisme Comunitat Valenciana, la quarta edici\u00f3 de \u2018M\u00fasics amb Denominaci\u00f3 d&#8217;Origen &#8211; Circuit de concerts per al foment del turisme a la Comunitat Valenciana\u2019. L&#8217;objectiu d&#8217;aquest cicle \u00e9s fomentar i incentivar el turisme en la Comunitat a trav\u00e9s d&#8217;una s\u00e8rie de 25 concerts, preferentment en espais [&hellip;]<\/p>\n","protected":false},"author":9,"featured_media":63697,"comment_status":"open","ping_status":"closed","sticky":false,"template":"","format":"standard","meta":{"footnotes":""},"categories":[401],"tags":[],"class_list":["post-63700","post","type-post","status-publish","format-standard","has-post-thumbnail","hentry","category-musics-amb-d-o-vl"],"_links":{"self":[{"href":"https:\/\/fsmcv.org\/vl\/wp-json\/wp\/v2\/posts\/63700","targetHints":{"allow":["GET"]}}],"collection":[{"href":"https:\/\/fsmcv.org\/vl\/wp-json\/wp\/v2\/posts"}],"about":[{"href":"https:\/\/fsmcv.org\/vl\/wp-json\/wp\/v2\/types\/post"}],"author":[{"embeddable":true,"href":"https:\/\/fsmcv.org\/vl\/wp-json\/wp\/v2\/users\/9"}],"replies":[{"embeddable":true,"href":"https:\/\/fsmcv.org\/vl\/wp-json\/wp\/v2\/comments?post=63700"}],"version-history":[{"count":0,"href":"https:\/\/fsmcv.org\/vl\/wp-json\/wp\/v2\/posts\/63700\/revisions"}],"wp:featuredmedia":[{"embeddable":true,"href":"https:\/\/fsmcv.org\/vl\/wp-json\/wp\/v2\/media\/63697"}],"wp:attachment":[{"href":"https:\/\/fsmcv.org\/vl\/wp-json\/wp\/v2\/media?parent=63700"}],"wp:term":[{"taxonomy":"category","embeddable":true,"href":"https:\/\/fsmcv.org\/vl\/wp-json\/wp\/v2\/categories?post=63700"},{"taxonomy":"post_tag","embeddable":true,"href":"https:\/\/fsmcv.org\/vl\/wp-json\/wp\/v2\/tags?post=63700"}],"curies":[{"name":"wp","href":"https:\/\/api.w.org\/{rel}","templated":true}]}}