{"id":63825,"date":"2023-04-18T12:24:09","date_gmt":"2023-04-18T10:24:09","guid":{"rendered":"https:\/\/fsmcv.org\/certamens\/lateneo-musical-de-cullera-estrena-un-primer-premi-del-concurs-de-composicio-a-la-cloenda-del-certamen-de-cullera\/"},"modified":"2023-04-18T12:53:34","modified_gmt":"2023-04-18T10:53:34","slug":"lateneo-musical-de-cullera-estrena-un-primer-premi-del-concurs-de-composicio-a-la-cloenda-del-certamen-de-cullera","status":"publish","type":"post","link":"https:\/\/fsmcv.org\/vl\/societats-musicals\/lateneo-musical-de-cullera-estrena-un-primer-premi-del-concurs-de-composicio-a-la-cloenda-del-certamen-de-cullera\/","title":{"rendered":"L\u2019Ateneo Musical de Cullera estrena un primer premi del Concurs de Composici\u00f3 a la cloenda del Certamen de Cullera"},"content":{"rendered":"\n<p class=\"has-text-align-right\">CULLERA, 17\/04\/2023<\/p>\n\n<p>Ahir per la vesprada, la Banda Simf\u00f2nica de l\u2019Ateneo Musical de Cullera va participar a la cloenda del LXXV Certamen Nacional de Bandes de M\u00fasica \u201cCiutat de Cullera\u201d, en qu\u00e8 va estrenar <em>A Flight to the Future<\/em>obra de Pedro Pires que va guanyar un primer premi i una menci\u00f3 d\u2019honor al I Concurs de Composici\u00f3 Internacional Emili Gim\u00e9nez Bou.<\/p>\n\n<p>Com \u00e9s tradici\u00f3 a Cullera, les dues societats musicals de la localitat s\u00f3n les encarregades de la cloenda del Certamen que se celebra als Jardins del Mercat. En el cas de l\u2019Ateneo, que viu un any d\u2019estrenes gr\u00e0cies a l\u2019\u00e8xit del Concurs de Composici\u00f3, va decidir que era l\u2019ocasi\u00f3 perfecta per estrenar un dels primers premis.<\/p>\n\n<p><em>A Flight to the Future<\/em>, del portugu\u00e8s Pedro Pires, conta la hist\u00f2ria del primer vol transatl\u00e0ntic entre Lisboa i Rio de Janeiro el 17 de juny de 1922, amb totes les complicacions que supos\u00e0 aquell fet. El vol va ser una celebraci\u00f3 del centenari de la independ\u00e8ncia de Brasil i, amb esta obra composada cent anys despr\u00e9s, Pires vol destacar aquella efem\u00e8ride.<\/p>\n\n<p>Tamb\u00e9 van interpretar el pasdoble <em>Jenaro Melguizo<\/em>, del compositor \u00d3scar Navarro, qui va acudir a l\u2019acte. En acabar les actuacions de les bandes i l\u2019entrega de premis, l\u2019Ateneo tanc\u00e0 la nit amb una desfilada.<\/p>\n","protected":false},"excerpt":{"rendered":"<p>CULLERA, 17\/04\/2023 Ahir per la vesprada, la Banda Simf\u00f2nica de l\u2019Ateneo Musical de Cullera va participar a la cloenda del LXXV Certamen Nacional de Bandes de M\u00fasica \u201cCiutat de Cullera\u201d, en qu\u00e8 va estrenar A Flight to the Futureobra de Pedro Pires que va guanyar un primer premi i una menci\u00f3 d\u2019honor al I Concurs [&hellip;]<\/p>\n","protected":false},"author":17,"featured_media":59810,"comment_status":"open","ping_status":"closed","sticky":false,"template":"","format":"standard","meta":{"footnotes":""},"categories":[56],"tags":[],"class_list":["post-63825","post","type-post","status-publish","format-standard","has-post-thumbnail","hentry","category-societats-musicals"],"_links":{"self":[{"href":"https:\/\/fsmcv.org\/vl\/wp-json\/wp\/v2\/posts\/63825","targetHints":{"allow":["GET"]}}],"collection":[{"href":"https:\/\/fsmcv.org\/vl\/wp-json\/wp\/v2\/posts"}],"about":[{"href":"https:\/\/fsmcv.org\/vl\/wp-json\/wp\/v2\/types\/post"}],"author":[{"embeddable":true,"href":"https:\/\/fsmcv.org\/vl\/wp-json\/wp\/v2\/users\/17"}],"replies":[{"embeddable":true,"href":"https:\/\/fsmcv.org\/vl\/wp-json\/wp\/v2\/comments?post=63825"}],"version-history":[{"count":0,"href":"https:\/\/fsmcv.org\/vl\/wp-json\/wp\/v2\/posts\/63825\/revisions"}],"wp:featuredmedia":[{"embeddable":true,"href":"https:\/\/fsmcv.org\/vl\/wp-json\/wp\/v2\/media\/59810"}],"wp:attachment":[{"href":"https:\/\/fsmcv.org\/vl\/wp-json\/wp\/v2\/media?parent=63825"}],"wp:term":[{"taxonomy":"category","embeddable":true,"href":"https:\/\/fsmcv.org\/vl\/wp-json\/wp\/v2\/categories?post=63825"},{"taxonomy":"post_tag","embeddable":true,"href":"https:\/\/fsmcv.org\/vl\/wp-json\/wp\/v2\/tags?post=63825"}],"curies":[{"name":"wp","href":"https:\/\/api.w.org\/{rel}","templated":true}]}}