{"id":63828,"date":"2023-04-18T11:49:46","date_gmt":"2023-04-18T09:49:46","guid":{"rendered":"https:\/\/fsmcv.org\/?p=63828"},"modified":"2023-04-18T12:38:15","modified_gmt":"2023-04-18T10:38:15","slug":"xxii-concurs-musica-festera-vila-de-benidorm-2023","status":"publish","type":"post","link":"https:\/\/fsmcv.org\/vl\/convocatories-publiques\/xxii-concurs-musica-festera-vila-de-benidorm-2023\/","title":{"rendered":"XXII CONCURS M\u00daSICA FESTERA &#8220;VILA DE BENIDORM&#8221; 2023"},"content":{"rendered":"\n<p><a href=\"https:\/\/drive.google.com\/drive\/folders\/1XWD_WhhTOheKyN2E7z5-Dl42o5hDjMsn?usp=share_link\" target=\"_blank\" rel=\"noreferrer noopener\">BASES DEL XXII CONCURS M\u00daSICA FESTERA BENIDORM. MODALITAT: PASDOBLE.<\/a> <\/p>\n\n<p class=\"has-text-align-center\"><strong>BASES: <\/strong><\/p>\n\n<p><strong>PRIMERA.-<\/strong> Podran presentar-se quants participants ho desitgen sense l\u00edmit d&#8217;edat ni nacionalitat.<br\/>Els participants podran presentar quantes composicions desitgen. Aquestes seran originals, in\u00e8dites i no hauran d&#8217;haver sigut interpretades en p\u00fablic amb anterioritat a la decisi\u00f3 del jurat.<\/p>\n\n<p><strong>SEGONA.-<\/strong> L&#8217;obra a presentar haur\u00e0 de ser un <strong>pasdoble.<\/strong><\/p>\n\n<p><strong>TERCERA.-<\/strong> S&#8217;estableix un \u00fanic premi de <strong>DOS MIL EUROS (2.000\u201900.-\u20ac)<\/strong> i un trofeu patrocinat per l&#8217;Ajuntament de Benidorm.<\/p>\n\n<p><strong>QUARTA.-<\/strong> Les obres es presentaran sota un LEMA en forma de partitura, sense signatura ni signe que permeta identificar a l&#8217;autor.<\/p>\n\n<p class=\"has-text-align-left\"><strong>QUINTA.-<\/strong> El material presentat a concurs haur\u00e0 de ser enviat, \u00fanicament per correu postal certificat, a l&#8217;atenci\u00f3 de la Regidoria de Cultura de l&#8217;Ajuntament de Benidorm, indicant amb claredat en el sobre:<\/p>\n\n<p class=\"has-text-align-center\"><br\/><strong>AJUNTAMENT DE BENIDORM<br\/>REGIDORIA DE CULTURA<br\/>XXII CONCURS DE COMPOSICI\u00d3 DE M\u00daSICA FESTERA<br\/>&#8220;VILA DE BENIDORM&#8221; 2023<br\/>Pla\u00e7a SS.MM. Reis d&#8217;Espanya, n\u00fam. 1<br\/>03501 BENIDORM<\/strong><\/p>\n\n<p><strong>SISENA.-<\/strong> El termini d&#8217;admissi\u00f3 de les obres <strong>finalitzar\u00e0 a les 23.59 hores del dia 31 de juliol de 2023<\/strong>, considerant-se presentats dins de termini aquells treballs remesos amb data anterior a la de finalitzaci\u00f3.<\/p>\n\n<p>M\u00e9s informaci\u00f3 sobre les <strong>Bases del XXII Concurs M\u00fasica Festera<\/strong> en el seg\u00fcent <a href=\"https:\/\/drive.google.com\/drive\/folders\/1XWD_WhhTOheKyN2E7z5-Dl42o5hDjMsn?usp=share_link\" target=\"_blank\" rel=\"noreferrer noopener\">enlla\u00e7<\/a>. <\/p>\n\n<figure class=\"wp-block-image size-full\"><img fetchpriority=\"high\" decoding=\"async\" width=\"660\" height=\"325\" src=\"https:\/\/fsmcv.org\/wp-content\/uploads\/2023\/04\/Concurso-Musica-Festera-1.png\" alt=\"\" class=\"wp-image-63821\" title=\"\" srcset=\"https:\/\/fsmcv.org\/wp-content\/uploads\/2023\/04\/Concurso-Musica-Festera-1.png 660w, https:\/\/fsmcv.org\/wp-content\/uploads\/2023\/04\/Concurso-Musica-Festera-1-600x295.png 600w\" sizes=\"(max-width: 660px) 100vw, 660px\" \/><\/figure>","protected":false},"excerpt":{"rendered":"<p>BASES DEL XXII CONCURS M\u00daSICA FESTERA BENIDORM. MODALITAT: PASDOBLE. BASES: PRIMERA.- Podran presentar-se quants participants ho desitgen sense l\u00edmit d&#8217;edat ni nacionalitat.Els participants podran presentar quantes composicions desitgen. Aquestes seran originals, in\u00e8dites i no hauran d&#8217;haver sigut interpretades en p\u00fablic amb anterioritat a la decisi\u00f3 del jurat. SEGONA.- L&#8217;obra a presentar haur\u00e0 de ser un [&hellip;]<\/p>\n","protected":false},"author":17,"featured_media":63820,"comment_status":"open","ping_status":"closed","sticky":false,"template":"","format":"standard","meta":{"footnotes":""},"categories":[45],"tags":[],"class_list":["post-63828","post","type-post","status-publish","format-standard","has-post-thumbnail","hentry","category-convocatories-publiques"],"_links":{"self":[{"href":"https:\/\/fsmcv.org\/vl\/wp-json\/wp\/v2\/posts\/63828","targetHints":{"allow":["GET"]}}],"collection":[{"href":"https:\/\/fsmcv.org\/vl\/wp-json\/wp\/v2\/posts"}],"about":[{"href":"https:\/\/fsmcv.org\/vl\/wp-json\/wp\/v2\/types\/post"}],"author":[{"embeddable":true,"href":"https:\/\/fsmcv.org\/vl\/wp-json\/wp\/v2\/users\/17"}],"replies":[{"embeddable":true,"href":"https:\/\/fsmcv.org\/vl\/wp-json\/wp\/v2\/comments?post=63828"}],"version-history":[{"count":0,"href":"https:\/\/fsmcv.org\/vl\/wp-json\/wp\/v2\/posts\/63828\/revisions"}],"wp:featuredmedia":[{"embeddable":true,"href":"https:\/\/fsmcv.org\/vl\/wp-json\/wp\/v2\/media\/63820"}],"wp:attachment":[{"href":"https:\/\/fsmcv.org\/vl\/wp-json\/wp\/v2\/media?parent=63828"}],"wp:term":[{"taxonomy":"category","embeddable":true,"href":"https:\/\/fsmcv.org\/vl\/wp-json\/wp\/v2\/categories?post=63828"},{"taxonomy":"post_tag","embeddable":true,"href":"https:\/\/fsmcv.org\/vl\/wp-json\/wp\/v2\/tags?post=63828"}],"curies":[{"name":"wp","href":"https:\/\/api.w.org\/{rel}","templated":true}]}}