{"id":63846,"date":"2023-04-18T12:52:12","date_gmt":"2023-04-18T10:52:12","guid":{"rendered":"https:\/\/fsmcv.org\/certamens\/cronica-del-viatge-a-paris-de-la-societat-lirica-i-musical-de-benissa\/"},"modified":"2023-04-18T13:49:09","modified_gmt":"2023-04-18T11:49:09","slug":"cronica-del-viatge-a-paris-de-la-societat-lirica-i-musical-de-benissa","status":"publish","type":"post","link":"https:\/\/fsmcv.org\/vl\/societats-musicals\/cronica-del-viatge-a-paris-de-la-societat-lirica-i-musical-de-benissa\/","title":{"rendered":"CR\u00d2NICA DEL VIATGE A PAR\u00cdS DE LA SOCIETAT L\u00cdRICA I MUSICAL DE BENISSA"},"content":{"rendered":"\n<p>La Societat L\u00edrica i Musical de Benissa viatja a Par\u00eds, Fran\u00e7a per actuar en el fam\u00f3s parc d\u2019atraccions Disney Land Par\u00eds i passar uns dies de conviv\u00e8ncia a la ciutat.<\/p>\n\n<p><strong>Dissabte, 8 d&#8217;abril del 2023.<\/strong><br\/>Estimat diari:<br\/>T&#8217;escric des de l&#8217;autob\u00fas, concretament des del nord de la prov\u00edncia de Castell\u00f3. Estic tan emocionada! Despr\u00e9s de dues horetes de viatge, acabem de parar a sopar i \u00e9s fascinant percebre la il\u00b7lusi\u00f3 que desprenen els nostres rostres; una emoci\u00f3 que, sens dubte, es veia fins i tot a l&#8217;hora de col\u00b7locar les maletes a l&#8217;autob\u00fas. Per a moltes i molts de nosaltres \u00e9s la primera vegada que anem a Par\u00eds, i fer-ho amb la nostra Banda fa que siga encara m\u00e9s especial.<br\/>Ara que tornem a estar de cam\u00ed, vaig a intentar trobar la postura i descansar perqu\u00e8 ens esperen uns dies m\u00e9s que interessants \u00a1Bona nit!<\/p>\n\n<p><strong>Diumenge, 9 d&#8217;abril del 2023.<\/strong><br\/>Mare meua, estic morta!<br\/>Acabem de ficar-nos al llit, i estem tan cansats i cansades! Sobre les cinc de la vesprada ens hem instal\u00b7lat als hotels i despr\u00e9s hem conegut un poc el centre de Par\u00eds amb el nostre guia Youssef. Hem visitat la <em>Cath\u00e9drale de Notre Dame<\/em>, que \u00e9s preciosa, i despr\u00e9s de con\u00e8ixer la interessant\u00edssima hist\u00f2ria d&#8217;aquesta part parisina, hem caminat fins al <em>Quartier Latin<\/em> per a sopar. Finalment, hem agafat el metro, que, sens dubte, ha sigut una experi\u00e8ncia m\u00e9s que divertida, i ens hem dirigit cap a <em>La D\u00e9fense<\/em>, que \u00e9s on es troben els nostres hotels.<br\/>Per fi estem ac\u00ed! Pensava que el viatge en autob\u00fas em resultaria molt m\u00e9s dur, per\u00f2 22 hores amb la meua Banda no en s\u00f3n suficients per a cansar-me! M&#8217;he rist tant&#8230; Dem\u00e0 m\u00e9s i millor.<\/p>\n\n<p><strong>Dilluns, 10 d&#8217;abril del 2023.<\/strong><br\/>NO TINC PARAULES, diari!<br\/>Hui hem anat a Disneyland Par\u00eds i soc incapa\u00e7 d&#8217;expressar el que he viscut. He compartit moments amb gent molt menuda, per\u00f2 he de confessar que la meua il\u00b7lusi\u00f3 s&#8217;assemblava molt a la seua. L&#8217;ambient a Disney \u00e9s tan \u00fanic i especial que sols puc dir que vull anar-hi mil vegades m\u00e9s. I sobre la nostra participaci\u00f3 a la cavalgata&#8230; BRU-TAL. Encara em costa creure que hem actuat entre les atraccions i els milers d&#8217;oients, i em sent tan afortunada per comptar amb una Junta Directiva i un mestre que han fet possible tot a\u00e7\u00f2&#8230;<\/p>\n\n<p><strong>Dimarts, 11 d&#8217;abril del 2023.<\/strong><br\/>Quin dia m\u00e9s complet.<br\/>Hui hem vistat els llocs m\u00e9s emblem\u00e0tics de la capital francesa, com per exemple la <em>Torre Eiffel<\/em> i <em>l&#8217;H\u00f4tel National des Invalides,<\/em> i a la vesprada hem anat a <em>Montmartre<\/em>, on hem pogut tastar les cr\u00eapes originals. Finalment, hem gaudit d&#8217;un creuer al riu Sena i hem vist els il\u00b7luminats monuments de Par\u00eds sota la llum de la lluna . No me&#8217;n vull anar d&#8217;ac\u00ed!<\/p>\n\n<p><strong>Dimecres, 12 d&#8217;abril del 2023.<\/strong><br\/>Quan pense que un dia \u00e9s insuperable, el seg\u00fcent ho \u00e9s encara m\u00e9s! Ens ha plogut bona cosa, i fins i tot hem tingut moments de gran\u00eds, per\u00f2 res ha sigut un impediment per a seguir disfrutant.<br\/>Ens hem dividit en dos grups, i mentre un visitava el <em>L\u00f3uvre<\/em> i <em>l&#8217;\u00cele Saint-Louis,<\/em> la gent de l&#8217;altre hem tornat a Disney. Hem gaudit molt\u00edssim i a la nit ens hem emocionat amb l&#8217;espectacle de llums i focs artificials. \u00c9s tan fort tot a\u00e7\u00f2!<\/p>\n\n<p><strong>Dijous, 13 d&#8217;abril del 2023.<\/strong><br\/>Com que algunes ciutats de Fran\u00e7a, com ara Par\u00eds, es troben en una situaci\u00f3 constant de manifestacions, hem preferit dirigir-nos cap a Orl\u00e8ans i fer una visita express. \u00c9s una ciutat relativament menuda, per\u00f2 molt acollidora!<br\/>Ens trobem de nou a l&#8217;autob\u00fas i he de dir que pr\u00e0cticament tota la Banda est\u00e0 roncant . Benissa ens espera!<\/p>\n\n<p><strong>Divendres, 14 d&#8217;abril del 2023.<\/strong><br\/>S\u00f3n les sis del mat\u00ed i ens trobem a Benicarl\u00f3, on estem fent l&#8217;\u00faltima parada. Cap a les deu estarem a Benissa, i sembla que esmorzar \u00e9s la millor manera de posar fi a este viatge tan especial.<br\/>Ara s\u00ed, toca descansar i recuperar-nos, que dem\u00e0 inaugurem les Festes de Benissa. Fins ac\u00ed aquesta experi\u00e8ncia que de segur que mai oblidarem!<\/p>\n\n<figure class=\"wp-block-image size-large\"><img decoding=\"async\" src=\"https:\/\/fsmcv.org\/wp-content\/uploads\/2023\/04\/Viatge-a-Paris-2-1024x375.jpeg\" alt=\"\" class=\"wp-image-63837\" title=\"\"><\/figure>\n<figure class=\"wp-block-image size-full\"><img fetchpriority=\"high\" decoding=\"async\" width=\"1024\" height=\"768\" src=\"https:\/\/fsmcv.org\/wp-content\/uploads\/2023\/04\/Viatge-a-Paris-1.jpeg\" alt=\"\" class=\"wp-image-63835\" title=\"\" srcset=\"https:\/\/fsmcv.org\/wp-content\/uploads\/2023\/04\/Viatge-a-Paris-1.jpeg 1024w, https:\/\/fsmcv.org\/wp-content\/uploads\/2023\/04\/Viatge-a-Paris-1-768x576.jpeg 768w, https:\/\/fsmcv.org\/wp-content\/uploads\/2023\/04\/Viatge-a-Paris-1-600x450.jpeg 600w\" sizes=\"(max-width: 1024px) 100vw, 1024px\" \/><\/figure>\n<figure class=\"wp-block-image size-large\"><img decoding=\"async\" src=\"https:\/\/fsmcv.org\/wp-content\/uploads\/2023\/04\/Viatge-a-Paris-3-1024x792.jpeg\" alt=\"\" class=\"wp-image-63833\" title=\"\"><\/figure>","protected":false},"excerpt":{"rendered":"<p>La Societat L\u00edrica i Musical de Benissa viatja a Par\u00eds, Fran\u00e7a per actuar en el fam\u00f3s parc d\u2019atraccions Disney Land Par\u00eds i passar uns dies de conviv\u00e8ncia a la ciutat. Dissabte, 8 d&#8217;abril del 2023.Estimat diari:T&#8217;escric des de l&#8217;autob\u00fas, concretament des del nord de la prov\u00edncia de Castell\u00f3. Estic tan emocionada! Despr\u00e9s de dues horetes [&hellip;]<\/p>\n","protected":false},"author":17,"featured_media":63832,"comment_status":"open","ping_status":"closed","sticky":false,"template":"","format":"standard","meta":{"footnotes":""},"categories":[56],"tags":[],"class_list":["post-63846","post","type-post","status-publish","format-standard","has-post-thumbnail","hentry","category-societats-musicals"],"_links":{"self":[{"href":"https:\/\/fsmcv.org\/vl\/wp-json\/wp\/v2\/posts\/63846","targetHints":{"allow":["GET"]}}],"collection":[{"href":"https:\/\/fsmcv.org\/vl\/wp-json\/wp\/v2\/posts"}],"about":[{"href":"https:\/\/fsmcv.org\/vl\/wp-json\/wp\/v2\/types\/post"}],"author":[{"embeddable":true,"href":"https:\/\/fsmcv.org\/vl\/wp-json\/wp\/v2\/users\/17"}],"replies":[{"embeddable":true,"href":"https:\/\/fsmcv.org\/vl\/wp-json\/wp\/v2\/comments?post=63846"}],"version-history":[{"count":0,"href":"https:\/\/fsmcv.org\/vl\/wp-json\/wp\/v2\/posts\/63846\/revisions"}],"wp:featuredmedia":[{"embeddable":true,"href":"https:\/\/fsmcv.org\/vl\/wp-json\/wp\/v2\/media\/63832"}],"wp:attachment":[{"href":"https:\/\/fsmcv.org\/vl\/wp-json\/wp\/v2\/media?parent=63846"}],"wp:term":[{"taxonomy":"category","embeddable":true,"href":"https:\/\/fsmcv.org\/vl\/wp-json\/wp\/v2\/categories?post=63846"},{"taxonomy":"post_tag","embeddable":true,"href":"https:\/\/fsmcv.org\/vl\/wp-json\/wp\/v2\/tags?post=63846"}],"curies":[{"name":"wp","href":"https:\/\/api.w.org\/{rel}","templated":true}]}}