{"id":63940,"date":"2023-04-21T14:20:23","date_gmt":"2023-04-21T12:20:23","guid":{"rendered":"https:\/\/fsmcv.org\/certamens\/ix-edicio-del-concurs-de-composicio-didactica-de-la-provincia-dalacant\/"},"modified":"2023-04-21T14:24:28","modified_gmt":"2023-04-21T12:24:28","slug":"ix-edicio-del-concurs-de-composicio-didactica-de-la-provincia-dalacant","status":"publish","type":"post","link":"https:\/\/fsmcv.org\/vl\/convocatories-publiques\/ix-edicio-del-concurs-de-composicio-didactica-de-la-provincia-dalacant\/","title":{"rendered":"IX EDICI\u00d3 DEL CONCURS DE COMPOSICI\u00d3 DID\u00c0CTICA DE LA PROV\u00cdNCIA D&#8217;ALACANT"},"content":{"rendered":"\n<p>La Federaci\u00f3 de Societats Musicals de la Comunitat Valenciana (FSMCV) convoca, amb el suport de la Diputaci\u00f3 d&#8217;Alacant, la <strong>IX Edici\u00f3 del Concurs de Composici\u00f3 Did\u00e0ctica de la Prov\u00edncia d&#8217;Alacant per a Banda de M\u00fasica<\/strong>. Podran participar en el concurs tots els\/les compositors\/es que ho desitgen, amb independ\u00e8ncia de la seua prov\u00edncia de resid\u00e8ncia.<\/p>\n\n\n\n<p>S&#8217;estableix un PRIMER PREMI dotat amb 3.000,00 euros i un PREMI ACCESIT dotat amb 1.000,00 euros, concedits amb l\u00b4ajuda de l&#8217;Excma. Diputaci\u00f3 d&#8217;Alacant.<\/p>\n\n\n\n<p>Amb la finalitat de promoure la difusi\u00f3 de les obres guardonades, cal destacar que l&#8217;autor\/a de l&#8217;obra guanyadora autoritzar\u00e0 les bandes juvenils de les Societats Musicals a interpretar la seua composici\u00f3 en el marc del pr\u00f2xim FESTIVAL M\u00daSICA I FAM\u00cdLIA organitzat per la FSMCV. A m\u00e9s, aquesta obra s&#8217;editar\u00e0 sota el segell editorial federal \u201cFSMCV Edicions\u201d per a la seua major difusi\u00f3 i divulgaci\u00f3 dins del col\u00b7lectiu de les Societats Musicals de la Comunitat Valenciana.<\/p>\n\n\n\n<p><strong>La recepci\u00f3 de les obres finalitzar\u00e0 el 3 d&#8217;octubre de 2023<\/strong>, es remetran per correu postal o presentaran en m\u00e0 en les oficines de la FSMCV (Carrer Democr\u00e0cia n\u00ba62 &#8211; 46018 &#8211; Val\u00e8ncia).<\/p>\n\n\n\n<p>Davant qualsevol q\u00fcesti\u00f3 poden posar-se en contacte amb els serveis administratius de la FSMCV a trav\u00e9s del correu electr\u00f2nic: <a href=\"mailto:fsmcv@fsmcv.org\">fsmcv@fsmcv.org<\/a><\/p>\n\n\n\n<p><strong>DOCUMENTACI\u00d3 ADJUNTA (BASES DE PARTICIPACI\u00d3 I ANNEX I \u2013 DECLARACION AUTORIA)<\/strong><\/p>\n\n\n\n<p><a href=\"https:\/\/fsmcv.org\/wp-content\/uploads\/2023\/04\/VAL_BASES-IX-CONCURS-DE-COMPOSICIO-DIDACTICA-2023.pdf\">VAL_BASES-IX-CONCURS-DE-COMPOSICIO-DIDACTICA-2023.pdf<\/a><\/p>\n\n\n\n<div class=\"wp-block-file\"><a id=\"wp-block-file--media-a13622d9-6b02-4cf1-aa81-6ec08742b136\" href=\"https:\/\/fsmcv.org\/wp-content\/uploads\/2023\/04\/ANEXO-I-AUTORIA-CONCURSO-DE-COMPOSICION-DIDACTICA-2023.docx\">ANEXO-I-AUTORIA-CONCURSO-DE-COMPOSICION-DIDACTICA-2023<\/a><a href=\"https:\/\/fsmcv.org\/wp-content\/uploads\/2023\/04\/ANEXO-I-AUTORIA-CONCURSO-DE-COMPOSICION-DIDACTICA-2023.docx\" class=\"wp-block-file__button wp-element-button\" download aria-describedby=\"wp-block-file--media-a13622d9-6b02-4cf1-aa81-6ec08742b136\">Desc\u00e0rrega<\/a><\/div>\n","protected":false},"excerpt":{"rendered":"<p>La Federaci\u00f3 de Societats Musicals de la Comunitat Valenciana (FSMCV) convoca, amb el suport de la Diputaci\u00f3 d&#8217;Alacant, la IX Edici\u00f3 del Concurs de Composici\u00f3 Did\u00e0ctica de la Prov\u00edncia d&#8217;Alacant per a Banda de M\u00fasica. Podran participar en el concurs tots els\/les compositors\/es que ho desitgen, amb independ\u00e8ncia de la seua prov\u00edncia de resid\u00e8ncia. S&#8217;estableix [&hellip;]<\/p>\n","protected":false},"author":17,"featured_media":43335,"comment_status":"open","ping_status":"closed","sticky":false,"template":"","format":"standard","meta":{"footnotes":""},"categories":[45],"tags":[],"class_list":["post-63940","post","type-post","status-publish","format-standard","has-post-thumbnail","hentry","category-convocatories-publiques"],"_links":{"self":[{"href":"https:\/\/fsmcv.org\/vl\/wp-json\/wp\/v2\/posts\/63940","targetHints":{"allow":["GET"]}}],"collection":[{"href":"https:\/\/fsmcv.org\/vl\/wp-json\/wp\/v2\/posts"}],"about":[{"href":"https:\/\/fsmcv.org\/vl\/wp-json\/wp\/v2\/types\/post"}],"author":[{"embeddable":true,"href":"https:\/\/fsmcv.org\/vl\/wp-json\/wp\/v2\/users\/17"}],"replies":[{"embeddable":true,"href":"https:\/\/fsmcv.org\/vl\/wp-json\/wp\/v2\/comments?post=63940"}],"version-history":[{"count":0,"href":"https:\/\/fsmcv.org\/vl\/wp-json\/wp\/v2\/posts\/63940\/revisions"}],"wp:featuredmedia":[{"embeddable":true,"href":"https:\/\/fsmcv.org\/vl\/wp-json\/wp\/v2\/media\/43335"}],"wp:attachment":[{"href":"https:\/\/fsmcv.org\/vl\/wp-json\/wp\/v2\/media?parent=63940"}],"wp:term":[{"taxonomy":"category","embeddable":true,"href":"https:\/\/fsmcv.org\/vl\/wp-json\/wp\/v2\/categories?post=63940"},{"taxonomy":"post_tag","embeddable":true,"href":"https:\/\/fsmcv.org\/vl\/wp-json\/wp\/v2\/tags?post=63940"}],"curies":[{"name":"wp","href":"https:\/\/api.w.org\/{rel}","templated":true}]}}