{"id":64135,"date":"2023-04-28T11:43:49","date_gmt":"2023-04-28T09:43:49","guid":{"rendered":"https:\/\/fsmcv.org\/?p=64135"},"modified":"2023-04-28T14:06:57","modified_gmt":"2023-04-28T12:06:57","slug":"ajuda-per-a-projectes-salvaguarda-del-patrimoni-cultural-immaterial","status":"publish","type":"post","link":"https:\/\/fsmcv.org\/vl\/convocatories-publiques\/ajuda-per-a-projectes-salvaguarda-del-patrimoni-cultural-immaterial\/","title":{"rendered":"AJUDA PER A PROJECTES SALVAGUARDA DEL PATRIMONI CULTURAL IMMATERIAL"},"content":{"rendered":"\n<p><strong>Despr\u00e9s de la declaraci\u00f3 de les societats federades com a B\u00e9 d&#8217;Inter\u00e9s Cultural Immaterial<\/strong> (Decret 68\/2018, de 25 de maig del Consell) <strong>i Manifestaci\u00f3 Representativa del Patrimoni Cultural Immaterial a Espanya<\/strong> (Consell de Ministres R.D.229\/2021, de 30 de mar\u00e7)<strong>, les Societats Musicals de la Comunitat Valenciana poden accedir a la sol\u00b7licitud de la seg\u00fcent ajuda: <\/strong><\/p>\n\n<p><strong>Extracte<\/strong> de l&#8217;Ordre de 17 d&#8217;abril del Ministeri de Cultura i Esport <strong>per la qual es convoquen ajudes, en r\u00e8gim de concurr\u00e8ncia competitiva, per a projectes de salvaguarda del Patrimoni Cultural Immaterial corresponents a l&#8217;any 2023. <\/strong> <\/p>\n\n<p><strong>Beneficiaris.<\/strong><br\/>Podran conc\u00f3rrer a aquesta convocat\u00f2ria d&#8217;ajudes les persones jur\u00eddiques sense \u00e0nim de lucre del sector p\u00fablic o privat, que hauran d&#8217;estar legalment constitu\u00efdes a la data de finalitzaci\u00f3 del termini de presentaci\u00f3 de sol\u00b7licituds: ajuntaments, diputacions, mancomunitats i altres ens locals, associacions i institucions sense fins de lucre, universitats i entitats dependents de comunitats aut\u00f2nomes. Les entitats sol\u00b7licitants hauran d&#8217;aportar com a finan\u00e7ament propi el projecte almenys el 10% del cost total del mateix declarat en la mem\u00f2ria o, en el seu cas, el 10% del cost del projecte reformulat. <\/p>\n\n<p><strong>Termini de presentaci\u00f3.<\/strong> <br\/>El termini de presentaci\u00f3 de sol\u00b7licituds ser\u00e0 de trenta dies naturals, a partir de l&#8217;endem\u00e0 de la publicaci\u00f3 de l&#8217;extracte d&#8217;aquest Orde en el &#8220;Butllet\u00ed Oficial de l&#8217;Estat&#8221; i de l&#8217;Ordre \u00edntegra en la Base Nacional de Subvencions. <\/p>\n\n<p><strong>El termini de sol\u00b7licitud estar\u00e0 obert fins al pr\u00f2xim 22 de maig de 2023. <\/strong>Tenen disponible el tr\u00e0mit en el seg\u00fcent <a href=\"https:\/\/www.culturaydeporte.gob.es\/servicios-al-ciudadano\/catalogo\/becas-ayudas-y-subvenciones\/ayudas-y-subvenciones\/patrimonio\/salvaguarda-patrimonio-cultural-inmaterial.html\" target=\"_blank\" rel=\"noreferrer noopener\">enlla\u00e7<\/a>.<\/p>\n","protected":false},"excerpt":{"rendered":"<p>Despr\u00e9s de la declaraci\u00f3 de les societats federades com a B\u00e9 d&#8217;Inter\u00e9s Cultural Immaterial (Decret 68\/2018, de 25 de maig del Consell) i Manifestaci\u00f3 Representativa del Patrimoni Cultural Immaterial a Espanya (Consell de Ministres R.D.229\/2021, de 30 de mar\u00e7), les Societats Musicals de la Comunitat Valenciana poden accedir a la sol\u00b7licitud de la seg\u00fcent ajuda: [&hellip;]<\/p>\n","protected":false},"author":17,"featured_media":64133,"comment_status":"open","ping_status":"closed","sticky":false,"template":"","format":"standard","meta":{"footnotes":""},"categories":[45],"tags":[],"class_list":["post-64135","post","type-post","status-publish","format-standard","has-post-thumbnail","hentry","category-convocatories-publiques"],"_links":{"self":[{"href":"https:\/\/fsmcv.org\/vl\/wp-json\/wp\/v2\/posts\/64135","targetHints":{"allow":["GET"]}}],"collection":[{"href":"https:\/\/fsmcv.org\/vl\/wp-json\/wp\/v2\/posts"}],"about":[{"href":"https:\/\/fsmcv.org\/vl\/wp-json\/wp\/v2\/types\/post"}],"author":[{"embeddable":true,"href":"https:\/\/fsmcv.org\/vl\/wp-json\/wp\/v2\/users\/17"}],"replies":[{"embeddable":true,"href":"https:\/\/fsmcv.org\/vl\/wp-json\/wp\/v2\/comments?post=64135"}],"version-history":[{"count":0,"href":"https:\/\/fsmcv.org\/vl\/wp-json\/wp\/v2\/posts\/64135\/revisions"}],"wp:featuredmedia":[{"embeddable":true,"href":"https:\/\/fsmcv.org\/vl\/wp-json\/wp\/v2\/media\/64133"}],"wp:attachment":[{"href":"https:\/\/fsmcv.org\/vl\/wp-json\/wp\/v2\/media?parent=64135"}],"wp:term":[{"taxonomy":"category","embeddable":true,"href":"https:\/\/fsmcv.org\/vl\/wp-json\/wp\/v2\/categories?post=64135"},{"taxonomy":"post_tag","embeddable":true,"href":"https:\/\/fsmcv.org\/vl\/wp-json\/wp\/v2\/tags?post=64135"}],"curies":[{"name":"wp","href":"https:\/\/api.w.org\/{rel}","templated":true}]}}