{"id":6432,"date":"2017-10-27T09:23:31","date_gmt":"2017-10-27T07:23:31","guid":{"rendered":"https:\/\/fsmcv.org\/?post_type=fsmcv-noticias&#038;p=6432"},"modified":"2021-03-29T19:40:10","modified_gmt":"2021-03-29T17:40:10","slug":"union-musical-moncada-organiza-concierto-retrobem-nostra-musica-patrocinado-diputacion-valencia","status":"publish","type":"post","link":"https:\/\/fsmcv.org\/vl\/certamens\/union-musical-moncada-organiza-concierto-retrobem-nostra-musica-patrocinado-diputacion-valencia\/","title":{"rendered":"La Uni\u00f3 Musical de Montcada organitza el concert \u201cRetrobem la nostra m\u00fasica\u201d patrocinat per la Diputaci\u00f3 de Val\u00e8ncia"},"content":{"rendered":"<p>La <strong>Uni\u00f3 Musical de Moncada<\/strong> organitza el concert de la 38a campanya de m\u00fasica de banda \u201c<em>Retrobem la nostra m\u00fasica<\/em>\u201d de la Diputaci\u00f3 de Val\u00e8ncia.<\/p>\n<p>El concert ser\u00e0 aquest pr\u00f2xim dissabte dia 28 d&#8217;octubre a les 18 h. a la pla\u00e7a situada entre l&#8217;Avinguda de la Comunitat Valenciana i el carrer Music Rafael Alabort de Moncada i, en el mateix, la Banda Simf\u00f2nica de la Societat interpretar\u00e0 una selecci\u00f3 d&#8217;obres de compositors valencians i pasdobles sota la batuta del seu director D. Vicente Roig Gimeno.<\/p>\n<p>Aquest concert s&#8217;emmarca dins del Programa \u201cM\u00fasica en els Barris\u201d en el qual la societat vol portar la m\u00fasica a les zones de Moncada m\u00e9s allunyades del centre, en aquest cas, al barri conegut com Nova Moncada.<\/p>\n","protected":false},"excerpt":{"rendered":"<p>El concert ser\u00e0 el dissabte 28 d&#8217;octubre a les 18h a la pla\u00e7a situada entre l&#8217;Avinguda de la Comunitat Valenciana i el carrer Music Rafael Alabort de Montcada.<\/p>\n","protected":false},"author":2,"featured_media":0,"comment_status":"closed","ping_status":"closed","sticky":false,"template":"","format":"standard","meta":{"footnotes":""},"categories":[],"tags":[],"class_list":["post-6432","post","type-post","status-publish","format-standard","hentry"],"_links":{"self":[{"href":"https:\/\/fsmcv.org\/vl\/wp-json\/wp\/v2\/posts\/6432","targetHints":{"allow":["GET"]}}],"collection":[{"href":"https:\/\/fsmcv.org\/vl\/wp-json\/wp\/v2\/posts"}],"about":[{"href":"https:\/\/fsmcv.org\/vl\/wp-json\/wp\/v2\/types\/post"}],"author":[{"embeddable":true,"href":"https:\/\/fsmcv.org\/vl\/wp-json\/wp\/v2\/users\/2"}],"replies":[{"embeddable":true,"href":"https:\/\/fsmcv.org\/vl\/wp-json\/wp\/v2\/comments?post=6432"}],"version-history":[{"count":0,"href":"https:\/\/fsmcv.org\/vl\/wp-json\/wp\/v2\/posts\/6432\/revisions"}],"wp:attachment":[{"href":"https:\/\/fsmcv.org\/vl\/wp-json\/wp\/v2\/media?parent=6432"}],"wp:term":[{"taxonomy":"category","embeddable":true,"href":"https:\/\/fsmcv.org\/vl\/wp-json\/wp\/v2\/categories?post=6432"},{"taxonomy":"post_tag","embeddable":true,"href":"https:\/\/fsmcv.org\/vl\/wp-json\/wp\/v2\/tags?post=6432"}],"curies":[{"name":"wp","href":"https:\/\/api.w.org\/{rel}","templated":true}]}}