{"id":6470,"date":"2017-10-29T17:59:47","date_gmt":"2017-10-29T16:59:47","guid":{"rendered":"https:\/\/fsmcv.org\/?post_type=fsmcv-noticias&#038;p=6470"},"modified":"2021-03-29T19:37:25","modified_gmt":"2021-03-29T17:37:25","slug":"la-fsmcv-se-propone-batir-tres-records-guinness-celebracion-50-aniversario","status":"publish","type":"post","link":"https:\/\/fsmcv.org\/vl\/50-aniversari\/la-fsmcv-se-propone-batir-tres-records-guinness-celebracion-50-aniversario\/","title":{"rendered":"La FSMCV es proposa batre almenys tres r\u00e8cords Guinness durant la celebraci\u00f3 del seu 50 aniversari"},"content":{"rendered":"<p><strong>La Federaci\u00f3 de Societats Musicals de la Comunitat Valenciana (FSMCV) ha celebrat aquest cap de setmana a Elda la seua 49 Assemblea General.<\/strong><\/p>\n<p>En aquesta trobada s&#8217;han concentrat directius de les 547 Societats Musicals de la Comunitat Valenciana i ha comptat amb la pres\u00e8ncia del delegat territorial de Presid\u00e8ncia a Alacant, Esteban Vallejo, la delegada territorial del Institut Valenci\u00e0 de Cultura a Alacant, Alicia Garijo, l&#8217;alcalde d\u2019Elda, Rub\u00e9n Alfaro, i el regidor d&#8217;Hisenda de l&#8217;Ajuntament d&#8217;Elda, Amador Naval\u00f3n. Un dels temes principals que s&#8217;ha tractat han sigut els actes organitzats per a commemorar el 50 aniversari del naixement de la Federaci\u00f3.<\/p>\n<p style=\"text-align: center;\"><img fetchpriority=\"high\" decoding=\"async\" class=\"aligncenter size-large wp-image-6471\" src=\"https:\/\/fsmcv.org\/BTnet-storage\/wp-uploads\/2017\/10\/Asamblea-FSMCV-1-1024x683.jpg\" alt=\"\" width=\"1024\" height=\"683\" title=\"\"><\/p>\n<p style=\"text-align: center;\">La delegada territorial del Institut Valenci\u00e0 de Cultura a Alacant, Alicia Garijo, l&#8217;alcalde d\u2019Elda, Rub\u00e9n Alfaro, i el president de la FSMCV, Pedro Rodr\u00edguez<\/p>\n<p>Entre aquests, s&#8217;ha anunciat que la FSMCV vol mostrar al m\u00f3n l&#8217;univers musical valenci\u00e0 i augmentar encara m\u00e9s la cohesi\u00f3 del col\u00b7lectiu reptant-se a si mateixa a batre tres r\u00e8cords Guiness si m\u00e9s no. El primer d&#8217;ells ser\u00e0 aconseguir la major lli\u00e7\u00f3 de m\u00fasica que s&#8217;ha donat fins al moment. A\u00e7\u00f2 s&#8217;intentar\u00e0 tant el 21 d&#8217;abril en la pla\u00e7a de bous de Castell\u00f3 com el 28 d&#8217;abril en la pla\u00e7a de bous d&#8217;Alacant. El segon consistir\u00e0 a aconseguir la major desfilada de bandes de m\u00fasica. Per a\u00e7\u00f2 es va a intentar coordinar amb l&#8217;Ajuntament de Val\u00e8ncia que bandes de m\u00fasica de totes les SSMM de la Comunitat desfilen pels carrers de Val\u00e8ncia inundant la ciutat de m\u00fasica el pr\u00f2xim 26 de maig. Aqueix mateix dia i en l&#8217;acte m\u00e9s multitudinari del 50 aniversari, s&#8217;ha proposat que a Mestalla, el camp del Val\u00e8ncia CF, toquen conjuntament m\u00fasics de totes les SSMM per a aconseguir crear la major banda de m\u00fasica del m\u00f3n, assistint al mateix temps a un espectacle creat i pensat per als m\u00fasics. Durant el mateix s&#8217;est\u00e0 estudiant la possibilitat tamb\u00e9 de batre altres r\u00e8cords com el de major grup de percussi\u00f3, major grup de clarinets, major ensemble de flautes, etc.<\/p>\n<p style=\"text-align: right;\"><strong><em>La Federaci\u00f3 ha anunciat en la seua 49\u00aa Assemblea General que s&#8217;intentar\u00e0n aconseguir els r\u00e8cords a la major lli\u00e7\u00f3 de m\u00fasica, la major desfilada de bandes de m\u00fasica i la major banda de m\u00fasica del m\u00f3n.<\/em><\/strong><\/p>\n<p>\u201cA trav\u00e9s de la celebraci\u00f3 del 50 aniversari de la Federaci\u00f3, volem que tothom conega les Societats Musicals de la Comunitat Valenciana, la labor que realitzen i la seua gran aportaci\u00f3 a l&#8217;\u00e0mbit de la m\u00fasica popular. Per a\u00e7\u00f2, hem programat activitats de gran import\u00e0ncia social amb la intenci\u00f3 d&#8217;aconseguir una repercussi\u00f3 mundial i que al temps facen que els m\u00fasics i m\u00fasiques del col\u00b7lectiu se senten orgullosos de pert\u00e0nyer al mateix\u201d, ha afirmat Pedro Rodr\u00edguez, president de la FSMCV.<\/p>\n<p>Al costat d&#8217;aquests actes tamb\u00e9 s&#8217;han programat dos col\u00b7loquis amb la premsa, un amb tem\u00e0tica educativa i un altre per a avaluar el suport que els representants p\u00fablics donen al col\u00b7lectiu, la participaci\u00f3 de la FSMCV en un congr\u00e9s d&#8217;educaci\u00f3 musical que se celebrar\u00e0 al juny i concerts de les unitats art\u00edstiques de la Federaci\u00f3. Aix\u00ed la Banda de Dones i la Jove Orquestra Federal actuaran en el Palau de la M\u00fasica i la Jove Banda Simf\u00f2nica en el Palau de Congressos. L&#8217;acte central del 50 aniversari ser\u00e0 el 31 de mar\u00e7 de 2018 en l&#8217;Ateneu Mercantil de Val\u00e8ncia, lloc on es va fundar la federaci\u00f3 i on, just cinquanta anys despr\u00e9s, la federaci\u00f3 retr\u00e0 homenatge a tots els membres de les seues directives anteriors i presidents i delegats comarcals.<\/p>\n<p><strong>Premis Euterpe 2017<\/strong><\/p>\n<p>D&#8217;altra banda, en el marc de la celebraci\u00f3 de la 49 Assemblea de la FSMCV, s&#8217;han fallat part dels Premis Euterpe de l&#8217;edici\u00f3 de 2017. Aquests premis s\u00f3n convocats anualment per la Federaci\u00f3 amb la finalitat d&#8217;homenatjar a la m\u00fasica valenciana i amb ells es pret\u00e9n recon\u00e8ixer a les persones, entitats i iniciatives que han destacat en l&#8217;art musical band\u00edstico o orquestral, aix\u00ed com en altres manifestacions musicals d&#8217;inter\u00e8s notori.<\/p>\n<p>Els guardonats que han sigut proclamats d&#8217;aquesta 18 edici\u00f3 dels Premis Euterpe han sigut:<\/p>\n<p><strong>&#8211; Premi Euterpe a la participaci\u00f3 federal:<\/strong> Uni\u00f3 Musical de Muro (Alacant)<br \/>\n<strong>&#8211; Premi Euterpe a la dedicaci\u00f3 a la seua Societat Musical:<\/strong> Eduardo Aracil Monllor (Societat Uni\u00f3 Musical i Art\u00edstica de Sax) ex aequo amb Ram\u00f3n Hern\u00e1ndez Yago (Banda Simf\u00f2nica Cercle Cat\u00f2lic de Torrent)<br \/>\n<strong>&#8211; Premi Euterpe a la instituci\u00f3 o empresa p\u00fablica o privada:<\/strong> Ajuntament de Lliria<br \/>\n<strong>&#8211; Premi Euterpe extraordinari de la Junta Directiva:<\/strong> Juan Vicente Mateu Alemany<\/p>\n<p>Els guardons seran lliurats pel President de la Generalitat, Ximo Puig, el pr\u00f2xim 22 de novembre amb motiu de la celebraci\u00f3 del Dia de Santa Cecilia, patrona de la m\u00fasica durant la recepci\u00f3 que ofereix des del passat any a la junta directiva de l&#8217;entitat.<\/p>\n<blockquote>\n<p style=\"text-align: right;\"><em><strong>En aquest context s&#8217;han proclamat els guardonats en la 18 edici\u00f3 dels Premis Euterpe 2017 que han sigut Juan Vicente Mateu, l&#8217;Ajuntament de Lliria, la Uni\u00f3 Musical de Muro, Eduardo Aracil i Ram\u00f3n Hern\u00e1ndez<\/strong><\/em><\/p>\n<\/blockquote>\n<p>Al costat d&#8217;a\u00e7\u00f2, uns altres dels temes tractats durant l&#8217;Assemblea General han sigut l&#8217;obertura del nou curs de les Escoles de M\u00fasica i l&#8217;aprovaci\u00f3 del pressupost per a 2018, aix\u00ed com la presentaci\u00f3 de les noves plataformes tecnol\u00f2giques desenvolupades per la FSMCV per a millorar la gesti\u00f3 de les SSMM. A m\u00e9s, s&#8217;ha confirmat el nomenament de Luis Vidal com a nou Secretari General de la FSMCV i d&#8217;Amparo M\u00e1\u00f1ez i M\u00aa Jos\u00e9 Hern\u00e1ndez com a vocals de la Junta Directiva de la FSMCV.<\/p>\n<p><img decoding=\"async\" class=\"aligncenter size-large wp-image-6472\" src=\"https:\/\/fsmcv.org\/BTnet-storage\/wp-uploads\/2017\/10\/Asamblea-FSMCV-2-1024x683.jpg\" alt=\"\" width=\"1024\" height=\"683\" title=\"\"><\/p>\n<p style=\"text-align: center;\">Junta Directiva de la FSMCV<\/p>\n<p>Finalment, l&#8217;acte s&#8217;ha clausurat amb una gran cercavila en el qual han participat prop de 1.000 m\u00fasics de les 18 Societats Musicals de la comarca del Vinalop\u00f3 que han recorregut els carrers d&#8217;Elda des de la Pla\u00e7a de la Constituci\u00f3 fins a la Pla\u00e7a Castelar on han finalitzat interpretant el conegut pasdoble \u201cIdella\u201d.<\/p>\n<blockquote>\n<p style=\"text-align: right;\"><em><strong>La trobada ha finalitzat amb una desfilada de les 18 Societat Musicals de la comarca del Vinalop\u00f3 que han oferit una cercavila en el qual han participat prop d&#8217;1.000 m\u00fasics<\/strong><\/em><\/p>\n<\/blockquote>\n<p>La FSMCV s&#8217;ha mostrat molt agra\u00efda a l&#8217;Ajuntament d&#8217;Elda i a l&#8217;Associaci\u00f3 M\u00fasic Cultural Santa Cecilia, per la seua col\u00b7laboraci\u00f3 per a l&#8217;organitzaci\u00f3 d&#8217;aquesta trobada que han convertit a aquest municipi del Vinalop\u00f3 Mitj\u00e0 en capital de la m\u00fasica de la Comunitat Valenciana durant tot el cap de setmana.<\/p>\n","protected":false},"excerpt":{"rendered":"<p>La Federaci\u00f3 de Societats Musicals de la Comunitat Valenciana (FSMCV) ha celebrat aquest cap de setmana a Elda la seua 49 Assemblea General.<\/p>\n","protected":false},"author":2,"featured_media":0,"comment_status":"closed","ping_status":"closed","sticky":false,"template":"","format":"standard","meta":{"footnotes":""},"categories":[76],"tags":[],"class_list":["post-6470","post","type-post","status-publish","format-standard","hentry","category-50-aniversari"],"_links":{"self":[{"href":"https:\/\/fsmcv.org\/vl\/wp-json\/wp\/v2\/posts\/6470","targetHints":{"allow":["GET"]}}],"collection":[{"href":"https:\/\/fsmcv.org\/vl\/wp-json\/wp\/v2\/posts"}],"about":[{"href":"https:\/\/fsmcv.org\/vl\/wp-json\/wp\/v2\/types\/post"}],"author":[{"embeddable":true,"href":"https:\/\/fsmcv.org\/vl\/wp-json\/wp\/v2\/users\/2"}],"replies":[{"embeddable":true,"href":"https:\/\/fsmcv.org\/vl\/wp-json\/wp\/v2\/comments?post=6470"}],"version-history":[{"count":0,"href":"https:\/\/fsmcv.org\/vl\/wp-json\/wp\/v2\/posts\/6470\/revisions"}],"wp:attachment":[{"href":"https:\/\/fsmcv.org\/vl\/wp-json\/wp\/v2\/media?parent=6470"}],"wp:term":[{"taxonomy":"category","embeddable":true,"href":"https:\/\/fsmcv.org\/vl\/wp-json\/wp\/v2\/categories?post=6470"},{"taxonomy":"post_tag","embeddable":true,"href":"https:\/\/fsmcv.org\/vl\/wp-json\/wp\/v2\/tags?post=6470"}],"curies":[{"name":"wp","href":"https:\/\/api.w.org\/{rel}","templated":true}]}}