{"id":6485,"date":"2017-10-30T13:09:11","date_gmt":"2017-10-30T12:09:11","guid":{"rendered":"https:\/\/fsmcv.org\/?post_type=fsmcv-noticias&#038;p=6485"},"modified":"2020-09-27T18:17:55","modified_gmt":"2020-09-27T18:17:55","slug":"convocats-els-concursos-villa-de-cox-2018","status":"publish","type":"post","link":"https:\/\/fsmcv.org\/vl\/certamens\/convocats-els-concursos-villa-de-cox-2018\/","title":{"rendered":"Convocats els concursos &#8220;Villa de Cox&#8221; 2018"},"content":{"rendered":"<p>L&#8217;Excel\u00b7lent\u00edssim Ajuntament de Cox ha obert la convocat\u00f2ria del XXV\u00e9 Concurs d&#8217;Interpretaci\u00f3 Musical i el XI\u00e9 de M\u00fasica de C\u00e0mera &#8220;Villa de Cox&#8221;, que formaran part del &#8220;Febrero musical&#8221; que tindr\u00e0 lloc en 2018. La convocat\u00f2ria est\u00e1 oberta per a m\u00fasics i agrupacions de la Comunitat Valenciana i la Regi\u00f3 de M\u00farcia nascuts a partir de l&#8217;1 de gener de 1988.<\/p>\n<p>L&#8217;organitzaci\u00f3 seleccionar\u00e0, d&#8217;entre totes les sol\u00b7licituds rebudes, un m\u00e0xim de huit grups. La selecci\u00f3 estar\u00e0 basada en el curr\u00edculum del grup i en els m\u00e8rits aportats. La data l\u00edmit per la presentaci\u00f3 de sol\u00b7licituds ser\u00e0 el divendres 9 de febrer de 2018.<\/p>\n<p>Per a la categoria de m\u00fasica de cambra, el primer premi t\u00e9 una dotaci\u00f3 d&#8217;1.500 \u20ac, trofeu i diploma acreditatiu; el segon est\u00e0 dotat amb 800 \u20ac, trofeu i diploma acreditatiu. En el cas de la categoria de solistes, el primer premi ser\u00e0 de 1.200\u20ac i el segon premi de 500\u20ac.<\/p>\n<p>El concurs tindr\u00e0 lloc el diumenge dia 25 de febrer de 2018 a les 18.00 hores en l&#8217;Auditori de Cox; el veredicte del jurat es coneixer\u00e0 al finalitzar. El lliurament de guardons tindr\u00e0 lloc en l&#8217;acte de clausura en l&#8217;Auditori de Cox el 4 de mar\u00e7 de 2018 a les 18.00 hores.<\/p>\n<p>Descarrega ac\u00ed els documents necessaris:<\/p>\n<p><a href=\"https:\/\/fsmcv.org\/BTnet-storage\/wp-uploads\/2017\/10\/XI-CONCURSO-CAMARA-VILLA-DE-COX-FEBRERO-MUSICAL-2018.pdf\" target=\"_blank\" rel=\"noopener noreferrer\">Bases del\u00a0XI Concurs de M\u00fasica de C\u00e0mera \u201cVilla de Cox&#8221;<\/a><br \/>\n<a href=\"https:\/\/fsmcv.org\/BTnet-storage\/wp-uploads\/2017\/10\/XXV-CONCURSO-INTERPRETACION-VILLA-DE-COX-FEBRERO-MUSICAL-2018.pdf\" target=\"_blank\" rel=\"noopener noreferrer\">Bases del\u00a0XXV Concurs d&#8217;Interpretaci\u00f3 &#8220;Villa de Cox&#8221;<\/a><br \/>\n<a href=\"https:\/\/fsmcv.org\/BTnet-storage\/wp-uploads\/2017\/10\/formulario-de-inscripcion-concursos.pdf\" target=\"_blank\" rel=\"noopener noreferrer\">Formulari d&#8217;inscripci\u00f3<\/a><\/p>\n<p>Cal remetre les sol\u00b7licituds a:<\/p>\n<p style=\"text-align: center;\">XI Concurso de M\u00fasica de C\u00e1mara \u201cVilla de Cox&#8221; o<br \/>\nXXV Concurso de Interpretac\u00ed\u00f3n &#8220;Villa de Cox&#8221; (<strong>segons corresponga<\/strong>)<\/p>\n<p style=\"text-align: center;\">Concejal\u00eda de Cultura. Excelent\u00edsimo Ayuntamiento de Cox<br \/>\nPlaza Glorieta, 1<br \/>\n03350 Cox (Alicante)<\/p>\n<p>&nbsp;<\/p>\n<p>Per tal de resoldre qualsevol dubte sobre el concurs, contacteu amb l&#8217;organitzaci\u00f3 a trav\u00e9s del correu electr\u00f2nic:\u00a0<a href=\"mailto:febreromusicalcox@gmail.com\">febreromusicalcox@gmail.com<\/a>.<\/p>\n","protected":false},"excerpt":{"rendered":"<p>Es tracta del XXV Concurs d&#8217;Interpretaci\u00f3 Musical i el XI de M\u00fasica de Cambra &#8220;Villa de Cox&#8221;. La data l\u00edmit per la presentaci\u00f3 de sol\u00b7licituds ser\u00e0 el divendres 9 de febrer de 2018.<\/p>\n","protected":false},"author":2,"featured_media":0,"comment_status":"closed","ping_status":"closed","sticky":false,"template":"","format":"standard","meta":{"footnotes":""},"categories":[],"tags":[],"class_list":["post-6485","post","type-post","status-publish","format-standard","hentry"],"_links":{"self":[{"href":"https:\/\/fsmcv.org\/vl\/wp-json\/wp\/v2\/posts\/6485","targetHints":{"allow":["GET"]}}],"collection":[{"href":"https:\/\/fsmcv.org\/vl\/wp-json\/wp\/v2\/posts"}],"about":[{"href":"https:\/\/fsmcv.org\/vl\/wp-json\/wp\/v2\/types\/post"}],"author":[{"embeddable":true,"href":"https:\/\/fsmcv.org\/vl\/wp-json\/wp\/v2\/users\/2"}],"replies":[{"embeddable":true,"href":"https:\/\/fsmcv.org\/vl\/wp-json\/wp\/v2\/comments?post=6485"}],"version-history":[{"count":0,"href":"https:\/\/fsmcv.org\/vl\/wp-json\/wp\/v2\/posts\/6485\/revisions"}],"wp:attachment":[{"href":"https:\/\/fsmcv.org\/vl\/wp-json\/wp\/v2\/media?parent=6485"}],"wp:term":[{"taxonomy":"category","embeddable":true,"href":"https:\/\/fsmcv.org\/vl\/wp-json\/wp\/v2\/categories?post=6485"},{"taxonomy":"post_tag","embeddable":true,"href":"https:\/\/fsmcv.org\/vl\/wp-json\/wp\/v2\/tags?post=6485"}],"curies":[{"name":"wp","href":"https:\/\/api.w.org\/{rel}","templated":true}]}}