{"id":6500,"date":"2017-10-31T12:18:01","date_gmt":"2017-10-31T11:18:01","guid":{"rendered":"https:\/\/fsmcv.org\/?post_type=fsmcv-noticias&#038;p=6500"},"modified":"2021-03-29T19:37:06","modified_gmt":"2021-03-29T17:37:06","slug":"el-tac-de-catarroja-acull-el-vi-festival-internacional-de-percussio-percute","status":"publish","type":"post","link":"https:\/\/fsmcv.org\/vl\/societats-musicals\/el-tac-de-catarroja-acull-el-vi-festival-internacional-de-percussio-percute\/","title":{"rendered":"El TAC de Catarroja acull el VI Festival Internacional de Percussi\u00f3 PERCUTE"},"content":{"rendered":"<p>Durant els dies 2, 3 i 4 de novembre de 2017 se celebrar\u00e0 en el Teatre Auditori de Catarroja (TAC) la 6a edici\u00f3 del Festival PERCUTE, que organitza la formaci\u00f3 valenciana Amores Grupo de Percusi\u00f3n. Un festival que ha anat consolidant-se any rere any pel seu car\u00e0cter innovador, la qualitat art\u00edstica i t\u00e8cnica dels seus participans a nivell nacional i internacional, aix\u00ed com per la difusi\u00f3 del patrimoni musical espanyol m\u00e9s contemporani i el foment de la nova creaci\u00f3 per a instruments de percussi\u00f3.<\/p>\n<p>El festival inclour\u00e0, a m\u00e9s de les diferents classes i concerts, el 5\u00e9 Concurs Internacional de M\u00fasica de Cambra de Percussi\u00f3, el 3er Concurs Internacional de Caja Solo i el 2n Concurs Nacional de Caja SOlo J\u00fanior. En esta segona edici\u00f3 es contemplen dues categories: categoria A, fins a 14 anys i categoria B, fins a 18 anys.<\/p>\n<p>En este 2017 l&#8217;obra obligada per al 3er Concurs Internacional de Caja Solo la realitzar\u00e0 el compositor valenci\u00e0 Carlos Fontcuberta i estar\u00e0 patrocinada per la firma NP. Guanyador del XXII Premi Joves Compositors Fundaci\u00f3 Autor-CNDM i de la convocat\u00f2ria del Plural Ensemble dirigida a joves compositors en 2011, Fontcuberta ha escrit obres d&#8217;enc\u00e0rrec entre d&#8217;altres per a la Jove Orquestra i el Cor de la Generalitat Valenciana, el XV Concurs Internacional de Piano Jos\u00e9 Iturbi, l&#8217;Orchestre Philharmonique de Radio France, el Grup Instrumental de Val\u00e8ncia i la Mostra Sonora Sueca.<\/p>\n<p>PERCUTE 2017 es planteja com un festival permanent de creaci\u00f3 musical. A m\u00e9s de fomentar la creativitat, l&#8217;experimentaci\u00f3 i la difusi\u00f3 de la m\u00fasica contempor\u00e0nia, vol establir ponts amb el m\u00f3n acad\u00e8mic i esdevindre en un recurs educatiu complementari per als estudiants de m\u00fasica i joves m\u00fasics professionals.<\/p>\n<p>L&#8217;intercanvi amb grups professionals a nivell internacional, a promoci\u00f3 de joves int\u00e8rprets, aix\u00ed com la implicaci\u00f3 dels estudiants que actualment s&#8217;hi formen en els consevatoris espanyols s\u00f3n els objectius d&#8217;este Festival que \u00e9s possible gr\u00e0cies a l&#8217;Ajuntament de Catarroja, Olympia Metropolitana i l&#8217;Institut Valenci\u00e0 de Cultura i el patrocini de NP Drums (Val\u00e8ncia), Innovation Percussion, Consolat de Mar i Percufest.<\/p>\n<p>Entre els grups que hi actuaran en l&#8217;encontre estar\u00e0 ELEVEN 5 (guanyadors del IV Concurs Internacional de M\u00fasica de Cambra de Percussi\u00f3 en la passada edici\u00f3 de 2016) i altra a c\u00e0rrec dels finalistes de la cinquena edici\u00f3.<\/p>\n<p>A m\u00e9s, s&#8217;hi ha programat una masterclass i concert a c\u00e0rrec de Jean Geoffroy, timbaler solista del Paris Orchestral Ensemble de 1985 a 2000, solista i fundador de l&#8217;ensemble de m\u00fasica contempor\u00e0nia Cour-Circuit en 1988 i memebre de la Menuhin Foundation Music Presence. De 2015 a 2017, Geoffroy ha estat director art\u00edstic de Percussions en Strasbourg.<\/p>\n<p><strong>Programa de l&#8217;encontre<\/strong><\/p>\n<p style=\"text-align: center;\"><em><u>Dijous 2 de novembre<\/u><\/em><\/p>\n<p style=\"text-align: center;\">II Concurs Nacional de Caja Solo Junior<\/p>\n<p style=\"text-align: center;\">III Concurs Internacional de Caja S\u00f3lo<\/p>\n<p style=\"text-align: center;\">22:00h Concert a c\u00e0rrec d&#8217;ELEVEN 5<\/p>\n<p style=\"text-align: center;\"><em><u>Divendres 3 de novembre<\/u><\/em><\/p>\n<p style=\"text-align: center;\">Jean Geoffroy, director art\u00edstic de Percussions en Strasbourg.<\/p>\n<p style=\"text-align: center;\">17:30h Masterclass<\/p>\n<p style=\"text-align: center;\">20:00h Concert<\/p>\n<p style=\"text-align: center;\"><em><u>Dissabte 4 de novembre<\/u><\/em><\/p>\n<p style=\"text-align: center;\">Concurs dels finalistes del 5\u00e9 Concurs Internacional de M\u00fasica de Cambra de Percussi\u00f3<\/p>\n<p style=\"text-align: center;\">Acte de lliurament de Premis<\/p>\n","protected":false},"excerpt":{"rendered":"<p>El prestigi\u00f3s percussionista Jean Geoffroy oferir\u00e0 una master class i un concert acompanyat d&#8217;Amores el divendres 3 de novembre.<\/p>\n","protected":false},"author":2,"featured_media":0,"comment_status":"closed","ping_status":"closed","sticky":false,"template":"","format":"standard","meta":{"footnotes":""},"categories":[56],"tags":[],"class_list":["post-6500","post","type-post","status-publish","format-standard","hentry","category-societats-musicals"],"_links":{"self":[{"href":"https:\/\/fsmcv.org\/vl\/wp-json\/wp\/v2\/posts\/6500","targetHints":{"allow":["GET"]}}],"collection":[{"href":"https:\/\/fsmcv.org\/vl\/wp-json\/wp\/v2\/posts"}],"about":[{"href":"https:\/\/fsmcv.org\/vl\/wp-json\/wp\/v2\/types\/post"}],"author":[{"embeddable":true,"href":"https:\/\/fsmcv.org\/vl\/wp-json\/wp\/v2\/users\/2"}],"replies":[{"embeddable":true,"href":"https:\/\/fsmcv.org\/vl\/wp-json\/wp\/v2\/comments?post=6500"}],"version-history":[{"count":0,"href":"https:\/\/fsmcv.org\/vl\/wp-json\/wp\/v2\/posts\/6500\/revisions"}],"wp:attachment":[{"href":"https:\/\/fsmcv.org\/vl\/wp-json\/wp\/v2\/media?parent=6500"}],"wp:term":[{"taxonomy":"category","embeddable":true,"href":"https:\/\/fsmcv.org\/vl\/wp-json\/wp\/v2\/categories?post=6500"},{"taxonomy":"post_tag","embeddable":true,"href":"https:\/\/fsmcv.org\/vl\/wp-json\/wp\/v2\/tags?post=6500"}],"curies":[{"name":"wp","href":"https:\/\/api.w.org\/{rel}","templated":true}]}}