{"id":65358,"date":"2023-10-11T09:00:00","date_gmt":"2023-10-11T07:00:00","guid":{"rendered":"https:\/\/fsmcv.org\/certamens\/musics-amb-denominacio-dorigen-circuit-de-concerts-per-al-foment-del-turisme-a-la-comunitat-valenciana\/"},"modified":"2023-10-11T15:24:27","modified_gmt":"2023-10-11T13:24:27","slug":"musics-amb-denominacio-dorigen-circuit-de-concerts-per-al-foment-del-turisme-a-la-comunitat-valenciana","status":"publish","type":"post","link":"https:\/\/fsmcv.org\/vl\/noticies-campanyes\/musics-amb-d-o-vl\/musics-amb-denominacio-dorigen-circuit-de-concerts-per-al-foment-del-turisme-a-la-comunitat-valenciana\/","title":{"rendered":"M\u00daSICS AMB DENOMINACI\u00d3 D&#8217;ORIGEN | Circuit de concerts per al foment del turisme a la Comunitat Valenciana"},"content":{"rendered":"\n<p><strong>Programaci\u00f3 de la IV edici\u00f3 de \u2018M\u00fasics amb Denominaci\u00f3 d&#8217;Origen \u2013 Circuit de concerts per al foment del turisme a la Comunitat Valenciana\u2019 <\/strong>campanya establida dins del marc del conveni amb Turisme Comunitat Valenciana i la FSMCV.<\/p>\n\n\n\n<p>L&#8217;objectiu d&#8217;aquest cicle \u00e9s fomentar i incentivar el turisme en la Comunitat a trav\u00e9s d&#8217;una s\u00e8rie de 25 concerts que comen\u00e7aran el 20 de maig i es prolongaran fins al 14 d&#8217;octubre de 2023.<\/p>\n\n\n\n<div data-wp-interactive=\"core\/file\" class=\"wp-block-file aligncenter\"><object data-wp-bind--hidden=\"!state.hasPdfPreview\" hidden class=\"wp-block-file__embed\" data=\"https:\/\/fsmcv.org\/wp-content\/uploads\/2023\/10\/VAL_Programacio-CTS-2023.pdf\" type=\"application\/pdf\" style=\"width:100%;height:600px\" aria-label=\"Embed of VAL_Programacio-CTS-2023.\"><\/object><a id=\"wp-block-file--media-a9058871-93a3-4a9b-be22-e0191411d0f9\" href=\"https:\/\/fsmcv.org\/wp-content\/uploads\/2023\/10\/VAL_Programacio-CTS-2023.pdf\">VAL_Programacio-CTS-2023<\/a><a href=\"https:\/\/fsmcv.org\/wp-content\/uploads\/2023\/10\/VAL_Programacio-CTS-2023.pdf\" class=\"wp-block-file__button wp-element-button\" download aria-describedby=\"wp-block-file--media-a9058871-93a3-4a9b-be22-e0191411d0f9\">Descarga<\/a><\/div>\n\n\n\n<p class=\"has-text-align-center has-medium-font-size\"><\/p>\n","protected":false},"excerpt":{"rendered":"<p>Programaci\u00f3 de la IV edici\u00f3 de \u2018M\u00fasics amb Denominaci\u00f3 d&#8217;Origen \u2013 Circuit de concerts per al foment del turisme a la Comunitat Valenciana\u2019 campanya establida dins del marc del conveni amb Turisme Comunitat Valenciana i la FSMCV. L&#8217;objectiu d&#8217;aquest cicle \u00e9s fomentar i incentivar el turisme en la Comunitat a trav\u00e9s d&#8217;una s\u00e8rie de 25 [&hellip;]<\/p>\n","protected":false},"author":17,"featured_media":65372,"comment_status":"open","ping_status":"closed","sticky":false,"template":"","format":"standard","meta":{"footnotes":""},"categories":[401],"tags":[],"class_list":["post-65358","post","type-post","status-publish","format-standard","has-post-thumbnail","hentry","category-musics-amb-d-o-vl"],"_links":{"self":[{"href":"https:\/\/fsmcv.org\/vl\/wp-json\/wp\/v2\/posts\/65358","targetHints":{"allow":["GET"]}}],"collection":[{"href":"https:\/\/fsmcv.org\/vl\/wp-json\/wp\/v2\/posts"}],"about":[{"href":"https:\/\/fsmcv.org\/vl\/wp-json\/wp\/v2\/types\/post"}],"author":[{"embeddable":true,"href":"https:\/\/fsmcv.org\/vl\/wp-json\/wp\/v2\/users\/17"}],"replies":[{"embeddable":true,"href":"https:\/\/fsmcv.org\/vl\/wp-json\/wp\/v2\/comments?post=65358"}],"version-history":[{"count":0,"href":"https:\/\/fsmcv.org\/vl\/wp-json\/wp\/v2\/posts\/65358\/revisions"}],"wp:featuredmedia":[{"embeddable":true,"href":"https:\/\/fsmcv.org\/vl\/wp-json\/wp\/v2\/media\/65372"}],"wp:attachment":[{"href":"https:\/\/fsmcv.org\/vl\/wp-json\/wp\/v2\/media?parent=65358"}],"wp:term":[{"taxonomy":"category","embeddable":true,"href":"https:\/\/fsmcv.org\/vl\/wp-json\/wp\/v2\/categories?post=65358"},{"taxonomy":"post_tag","embeddable":true,"href":"https:\/\/fsmcv.org\/vl\/wp-json\/wp\/v2\/tags?post=65358"}],"curies":[{"name":"wp","href":"https:\/\/api.w.org\/{rel}","templated":true}]}}