{"id":654,"date":"2016-06-10T16:37:36","date_gmt":"2016-06-10T14:37:36","guid":{"rendered":"http:\/\/fsmcv.org\/?post_type=fsmcv-noticias&#038;p=654"},"modified":"2020-09-27T18:19:56","modified_gmt":"2020-09-27T18:19:56","slug":"aquest-cap-de-setmana-se-celebra-el-dia-internacional-de-la-musica-a-valencia","status":"publish","type":"post","link":"https:\/\/fsmcv.org\/vl\/noticies-campanyes\/musica-a-la-llum\/aquest-cap-de-setmana-se-celebra-el-dia-internacional-de-la-musica-a-valencia\/","title":{"rendered":"Aquest cap de setmana se celebra el D\u00eda Internacional de la M\u00fasica a Valencia"},"content":{"rendered":"<p>Aquest cap de setmana se celebra el Dia Internacional de la M\u00fasica a Val\u00e8ncia<\/p>\n<p>Dins de la campanya d&#8217;Activitats Comarcals, aquest cap de setmana se celebra el Dia Internacional de la M\u00fasica. Concerts, cercaviles, audicions, batukadas, activitats l\u00fadiques, etc. Tot a\u00e7\u00f2 a c\u00e0rrec de les societats musicals federades de la ciutat de Val\u00e8ncia i organitzat per la FSMCV, amb la col\u00b7laboraci\u00f3 d&#8217;Iberdrola, les Diputacions de Val\u00e8ncia, Castell\u00f3 i Alacant i patrocinat per CulturArts i la Generalitat Valenciana.<\/p>\n<p>Val\u00e8ncia s&#8217;omple de m\u00fasica i activitats des del dissabte a la vesprada al diumenge a la vesprada.<\/p>\n<p>Dissabte 18 de juny de 2016<\/p>\n<p>AGRUPACI\u00d3 MUSICAL PATRAIX<\/p>\n<p>A les 17 h. Audicions Duo Flauta i Piano. Grup Clarinets i Piano<\/p>\n<p>Lloc: Seu de la Societat C\/ Cor de Jes\u00fas, baix<\/p>\n<p>C.I.M. TENDETES<\/p>\n<p>A les 19,45 h. Cercavila recorreguda B\u00ba MARXALENES<\/p>\n<p>SOCIETAT MUSICAL LA UNI\u00d3 DE TRES FORQUES<\/p>\n<p>A les 18,30 h. Concerte Banda Juvenil de la Societat<\/p>\n<p>Lloc: pati Seu Social C\/ M\u00fasic Ayll\u00f3n, s\/n<\/p>\n<p>UNI\u00d3 MUSICAL L&#8217;HORTA DE SANT MARCEL\u00b7L\u00cd<\/p>\n<p>A les 12,00 h. Concert de l&#8217;Orquestra<\/p>\n<p>Lloc: C\/ Enginyer Jos\u00e9 Sirera, escaira Dr. Tom\u00e1s Sala, 10 (front Resid\u00e8ncia Ancians)<\/p>\n<p>SOCIETAT MUSICAL AMICS DE LA M\u00daSICA DE BENIFARAIG<\/p>\n<p>A les 19 h. Concert Banda Simf\u00f2nica<\/p>\n<p>Lloc: Pl. del Greco (Benifaraig)<\/p>\n<p>AGRUPACI\u00d3 MUSICAL GAYANO LLUCH<\/p>\n<p>A les 18,30 h. Concerts de la Gayano Women&#8217;s Band i de la Banda Titular<\/p>\n<p>Lloc: Local Societat C\/ Gayano Lluch, 19 baix<\/p>\n<p>AGRUPACI\u00d3 MUSICAL SANTA CECILIA DEL GRAU<\/p>\n<p>A les 20,30 h. Concert Coral<\/p>\n<p>Lloc: Parc creue C\/ Eivissa amb C\/ Menorca<\/p>\n<p>AGRUPACI\u00d3 MUSICAL SAN JOS\u00c9 DE PIGNATELLI<\/p>\n<p>A les 0,10 h. matinada del dissabte. Concert<\/p>\n<p>Lloc: Col\u00b7legi Mantellate C\/de Marxalenes, 80<\/p>\n<p>SOCIETAT INSTRUCTIU MUSICAL DEL PALMAR<\/p>\n<p>A les 19,30 h. Concert<\/p>\n<p>Lloc: Local Parr\u00f2quia del Palmar<\/p>\n<p>AGRUPACI\u00d3 MUSICAL CARRERA FONT SANT LlUIS<\/p>\n<p>A les 20 h audicions Quintet de Metalls &#8211; Quintet instruments fusta<\/p>\n<p>Lloc: Local Societat C\/ Mas i Boher, 15 sota<\/p>\n<p>ASSOCIACI\u00d3 CULTURAL FALLA GENERAL BARROSO &#8211; LIT. PASCUAL ABAD<\/p>\n<p>A les 12,00 h. Interpretaci\u00f3 de Pasdobles<\/p>\n<p>Lloc: Enfront del Cementeri de Val\u00e8ncia, (espai lliure)<\/p>\n<p>ASSOCIACI\u00d3 MUSICAL BANDA ELS DOCTORS<\/p>\n<p>A les 12,30 h. Interpretaci\u00f3 de Pasdobles<\/p>\n<p>Lloc: Pl. Bisbe Amig\u00f3<\/p>\n<p>CENTRE INSTRUCTIU MUSICAL BANDA PARROQUIAL<\/p>\n<p>A les 12,30 h. Cercavila. Lloc: C\/ Juan Bautista Porcar<\/p>\n<p>A les 13,30 h. Elaboraci\u00f3 i degustaci\u00f3 de paelles populars. Lloc: C\/ Juan Bautista Porcar<\/p>\n<p>A les 19,30 h. Concerte Banda Titular. Lloc: Pl. Bisbe Laguarda Pedro Cabanes<\/p>\n<p>SIOAM DE BENIMAMET<\/p>\n<p>A les 19 h. Audici\u00f3 alumnes de corda i Concert de l&#8217;Orquestra de SIOAM<\/p>\n<p>Lloc: Sal\u00f3 d&#8217;actes de la Societat C\/ Felipe Valls, 30<\/p>\n<p>AGRUPACI\u00d3 MUSICAL DE MASSARROJOS<\/p>\n<p>10,30 h. Cercavila pels carrers de Massarrojos<\/p>\n<p>12,30 h. Gymkama Musical<\/p>\n<p>SOCIETAT MUSICAL DELS ORRIOLS<\/p>\n<p>19 h. Concert<\/p>\n<p>Lloc: Parc d&#8217;Orriols<\/p>\n<p>SOCIETAT MUSICAL AC\u00c0CIES-PICAYO<\/p>\n<p>12 h. Concerte Banda Titular<\/p>\n<p>Lloc: C\/ Rosers, 14<\/p>\n<p>C.I.M. DE BENIMACLET<\/p>\n<p>11,30 h Concert Coral Lloc: Parada Metre de Benimaclet<\/p>\n<p>12,00 h. Concert Orquestra Simf\u00f2nica. Lloc: Parada Metre de Benimaclet<\/p>\n<p>12,30 h. Cercavila Banda Juvenil. Lloc: \u00acal Parc Xalet Mart\u00ed<\/p>\n<p>13,00 h. Concert Rondalla. Lloc Pel B\u00ba de Benimaclet<\/p>\n<p>20,00 h. Cercavila Banda Simf\u00f2nica. Lloc: Pel B\u00ba de Benimaclet<\/p>\n<p>22,00 h. Concert Big-Band CIM de Benimaclet.<\/p>\n<p>Lloc Local Societat C\/Bar\u00f3 de Sant Petrillo, 14<br \/>\nDiumenge 19 de juny de 2016<\/p>\n<p>BANDA DE M\u00daSICA DE CAMPANAR<\/p>\n<p>12 h Batukada pel grup de la Societat &#8220;Batukampa&#8221;<\/p>\n<p>Lloc: des del Pont de Campanar fins al d&#8217;Adem\u00fas (Vella Llera)<\/p>\n<p>SOCIETAT MUSICAL POBLATS MAR\u00cdTIMS<\/p>\n<p>12 h. Concerte<\/p>\n<p>Lloc: Sal\u00f3 d&#8217;Actes de la Societat C\/ Escalante, 201<\/p>\n<p>SOCIETAT ATENEU MUSICAL DEL PORT<\/p>\n<p>11,30 h. Concerte Alumnes Escola Concert Orquestra de l&#8217;Ateneu<\/p>\n<p>Lloc: Auditori de la Societat C\/ Fco. Baldom\u00e1, 40<\/p>\n<p>AGRUPACI\u00d3 MUSICAL SAN ISIDRO<\/p>\n<p>12 h. Concert Banda Juvenil<\/p>\n<p>Lloc: Parc de San Isidro<\/p>\n<p>SOCIETAT MUSICAL UNI\u00d3N DE PESCADORES<\/p>\n<p>18 h. Concert Coral<\/p>\n<p>Lloc: C\/ Jos\u00e9 Benlliure, 272 &#8220;Edificio el Casinet&#8221;: C\/ Rosers, 14<\/p>\n<p>C.I.M. DE BENIMACLET<\/p>\n<p>11,30 h Concert Coral Lloc: Parada Metre de Benimaclet<\/p>\n<p>12,00 h. Concert Orquestra Simf\u00f2nica. Lloc: Parada Metre de Benimaclet<\/p>\n<p>12,30 h. Cercavila Banda Juvenil. Lloc: Parc Xalet Mart\u00ed<\/p>\n<p>13,00 h. Concert Rondalla. Lloc Pel B\u00ba de Benimaclet<\/p>\n<p>20,00 h. Cercavila Banda Simf\u00f2nica. Lloc: Pel B\u00ba de Benimaclet<\/p>\n<p>22,00 h. Concert Big-Band CIM de Benimaclet.<\/p>\n<p>Lloc Local Societat C\/Bar\u00f3 de Sant Petrillo, 14<\/p>\n<p>BANDA DE M\u00daSICA DE CAMPANAR<\/p>\n<p>12 h Batukada pel grup de la Societat &#8220;Batukampa&#8221;<\/p>\n<p>Lloc: des del Pont de Campanar fins al d&#8217;Adem\u00fas (Vella Llera)<\/p>\n<p>SOCIETAT MUSICAL POBLATS MAR\u00cdTIMS<\/p>\n<p>12 h. Concert<\/p>\n<p>Lloc: Sal\u00f3 d&#8217;Actes de la Societat C\/ Escalante, 201<\/p>\n<p>SOCIETAT ATENEU MUSICAL DEL PORT<\/p>\n<p>11,30 h. Concerte Alumnes Escola Concert Orquestra de l&#8217;Ateneu<\/p>\n<p>Lloc: Auditori de la Societat C\/ Fco. Baldom\u00e1, 40<\/p>\n<p>AGRUPACI\u00d3 MUSICAL SAN ISIDRO<\/p>\n<p>12 h. Concert Banda Juvenil<\/p>\n<p>Lloc: Parc de San Isidro<\/p>\n<p>SOCIETAT MUSICAL UNI\u00d3N DE PESCADORES<\/p>\n<p>18 h. Concert Coral<\/p>\n<p>Lloc: C\/ Jos\u00e9 Benlliure, 272 &#8220;Edificio el Casinet&#8221;<\/p>\n","protected":false},"excerpt":{"rendered":"<p>Concerts, cercaviles, audicions, batukadas, activitats l\u00fadiques, etc. Tot a\u00e7\u00f2 a c\u00e0rrec de les societats musicals federades de la ciutat de Val\u00e8ncia i organitzat per la FSMCV, amb la col\u00b7laboraci\u00f3 d&#8217;Iberdrola, les Diputacions de Val\u00e8ncia, Castell\u00f3 i Alacan<\/p>\n","protected":false},"author":2,"featured_media":0,"comment_status":"closed","ping_status":"closed","sticky":false,"template":"","format":"standard","meta":{"footnotes":""},"categories":[10],"tags":[],"class_list":["post-654","post","type-post","status-publish","format-standard","hentry","category-musica-a-la-llum"],"_links":{"self":[{"href":"https:\/\/fsmcv.org\/vl\/wp-json\/wp\/v2\/posts\/654","targetHints":{"allow":["GET"]}}],"collection":[{"href":"https:\/\/fsmcv.org\/vl\/wp-json\/wp\/v2\/posts"}],"about":[{"href":"https:\/\/fsmcv.org\/vl\/wp-json\/wp\/v2\/types\/post"}],"author":[{"embeddable":true,"href":"https:\/\/fsmcv.org\/vl\/wp-json\/wp\/v2\/users\/2"}],"replies":[{"embeddable":true,"href":"https:\/\/fsmcv.org\/vl\/wp-json\/wp\/v2\/comments?post=654"}],"version-history":[{"count":0,"href":"https:\/\/fsmcv.org\/vl\/wp-json\/wp\/v2\/posts\/654\/revisions"}],"wp:attachment":[{"href":"https:\/\/fsmcv.org\/vl\/wp-json\/wp\/v2\/media?parent=654"}],"wp:term":[{"taxonomy":"category","embeddable":true,"href":"https:\/\/fsmcv.org\/vl\/wp-json\/wp\/v2\/categories?post=654"},{"taxonomy":"post_tag","embeddable":true,"href":"https:\/\/fsmcv.org\/vl\/wp-json\/wp\/v2\/tags?post=654"}],"curies":[{"name":"wp","href":"https:\/\/api.w.org\/{rel}","templated":true}]}}