{"id":657,"date":"2016-06-10T16:39:58","date_gmt":"2016-06-10T14:39:58","guid":{"rendered":"http:\/\/fsmcv.org\/?post_type=fsmcv-noticias&#038;p=657"},"modified":"2020-09-27T18:20:05","modified_gmt":"2020-09-27T18:20:05","slug":"agenda-del-cap-de-setmana-bona-musica-alla-on-estigues","status":"publish","type":"post","link":"https:\/\/fsmcv.org\/vl\/noticies-campanyes\/musica-a-la-llum\/agenda-del-cap-de-setmana-bona-musica-alla-on-estigues\/","title":{"rendered":"Agenda del cap de setmana: bona m\u00fasica all\u00e0 on estigues"},"content":{"rendered":"<p>10 de junio de 2016<\/p>\n<p>Qu\u00e8 no saps que fer aquest cap de setmana? Doncs la FSMCV i les societats Musicals de la Comunitat Valenciana, t&#8217;ho posem f\u00e0cil. Tens un munt d&#8217;activitats on triar. La que m\u00e9s t&#8217;agrade, t&#8217;interesse o es trobe prop d&#8217;on vius.<\/p>\n<p>Si el que vols \u00e9s aprofundir m\u00e9s en l&#8217;ensenyament d&#8217;escoles de m\u00fasica, aquest cap de setmana tens dues opcions on triar:<\/p>\n<p>Jornades &#8220;Cap a un nou model d&#8217;Escoles de M\u00fasica&#8221;, on es toquen temes tan interessants com les subvencions, gesti\u00f3, imposats q\u00fcestions legals a l&#8217;hora de dirigir una escola de m\u00fasica. Dem\u00e0 a les 11 a Almorad\u00ed, Alacant.<\/p>\n<p>Xarrada sobre &#8220;Noves experi\u00e8ncies docents del llenguatge musical a trav\u00e9s de les noves tecnologies&#8221; la utilitzaci\u00f3 de programes inform\u00e0tics per a donar una classe m\u00e9s amena i interactiva \u00e9s el tema de les xarrades que es van a realitzar dem\u00e0 al mat\u00ed a Benissan\u00f3, Val\u00e8ncia.<br \/>\nI a Sagunt, I Concurs Joves Int\u00e8rprets Ciutat de Sagunt Escola de M\u00fasica Joaqu\u00edn Rodrigo Lira Saguntina, en les especialitats de vent-fusta, vent-metall, percussi\u00f3, corda i m\u00fasica de cambra. Sort a tots els participants!<\/p>\n<p>Agenda concerts<\/p>\n<p>Per\u00f2 si a tu el que t&#8217;interessa \u00e9s la m\u00fasica en viu. Les bandes de les societats musicals aquest cap de setmana tenen bona m\u00fasica per a oferir-te:<\/p>\n<p>Aquesta mateixa nit d&#8217;hui divendres 10 de juny, a Val\u00e8ncia ciutat, dins del cicle &#8220;A poqueta nit&#8221;, concert de la Uni\u00f3 Musical l&#8217;Horta de Sant Marcel\u00b7l\u00ed, en la Rambleta, a les 23.00h. Una xicoteta hist\u00f2ria del rock des de 1940 fins a 1990.<\/p>\n<p>Tamb\u00e9 en Val\u00e8ncia, per\u00f2 ja el dissabte a la vesprada-nit, Concert Retrobem la Nostra m\u00fasica a c\u00e0rrec de la Banda Simf\u00f2nica de l&#8217;Agrupaci\u00f3 Musical Santa Cec\u00edlia del Grau, a l&#8217;esgl\u00e9sia de Sant Mauro.<\/p>\n<p>A la mateixa hora, a les 20,30, Concert commemoraci\u00f3 75\u00ba aniversari de la Banda de la Uni\u00f3 L\u00edrica Orcelitana, en el Teatre el Circo d&#8217;Orihuela. Felicitats<\/p>\n<p>El dissabte 11, la Uni\u00f3 Musical &#8220;La Art\u00edstica&#8221; col\u00b7labora amb l&#8217;associaci\u00f3 Festival Natura de la manera que millor sap: oferint la seua m\u00fasica per a, en aquest cas, homenatjara la Mare Terra.<\/p>\n<p>Concert solidari \u00e9s el que va a realitzar La Uni\u00f3 Musical La Nucia, que ha engegat &#8220;Els nostres arrels&#8221;, projecte destinat a l&#8217;Associaci\u00f3 de Malalts d&#8217;Alzheimer. El dissabte 11 es far\u00e0 un concert per a la presentaci\u00f3 del CD, un treball discogr\u00e0fic en el qual participen la Coral de la Uni\u00f3 Musical La Nucia, l&#8217;Agrupaci\u00f3 Coral de Finestrat i la Rondalla de Cant i Corda de l&#8217;Associaci\u00f3 d&#8217;Amics de la M\u00fasica de Callosa d&#8217;en Sarri\u00e0.<br \/>\nLa Societat Uni\u00f3 Algue\u00f1ense de l&#8217;Alguenya, Alacant, realitza el concert M\u00fasica als Pobles, el dissabte 11 de Juny a les 20:00\u202fh., en la pla\u00e7a Juan Carlos I. La m\u00fasica ix al carrer.<\/p>\n<p>Ja el diumenge Concert de Primavera del Centre Musical Paternense tamb\u00e9 amb fons solidari, en favor de l&#8217;ONG &#8220;Semillas de Esperanza&#8221; a les 12:00 h., en l&#8217;auditori &#8220;Antonio cabeza&#8221; de Paterna, on s&#8217;arreplegaran aliments no peribles.<\/p>\n<p>Si trobem m\u00e9s propostes, seguirem informant<\/p>\n<p>Bon cap de setmana i bona m\u00fasica per a tots<\/p>\n","protected":false},"excerpt":{"rendered":"<p>Bon cap de setmana i bona m\u00fasica per a tots<\/p>\n","protected":false},"author":2,"featured_media":0,"comment_status":"closed","ping_status":"closed","sticky":false,"template":"","format":"standard","meta":{"footnotes":""},"categories":[10],"tags":[],"class_list":["post-657","post","type-post","status-publish","format-standard","hentry","category-musica-a-la-llum"],"_links":{"self":[{"href":"https:\/\/fsmcv.org\/vl\/wp-json\/wp\/v2\/posts\/657","targetHints":{"allow":["GET"]}}],"collection":[{"href":"https:\/\/fsmcv.org\/vl\/wp-json\/wp\/v2\/posts"}],"about":[{"href":"https:\/\/fsmcv.org\/vl\/wp-json\/wp\/v2\/types\/post"}],"author":[{"embeddable":true,"href":"https:\/\/fsmcv.org\/vl\/wp-json\/wp\/v2\/users\/2"}],"replies":[{"embeddable":true,"href":"https:\/\/fsmcv.org\/vl\/wp-json\/wp\/v2\/comments?post=657"}],"version-history":[{"count":0,"href":"https:\/\/fsmcv.org\/vl\/wp-json\/wp\/v2\/posts\/657\/revisions"}],"wp:attachment":[{"href":"https:\/\/fsmcv.org\/vl\/wp-json\/wp\/v2\/media?parent=657"}],"wp:term":[{"taxonomy":"category","embeddable":true,"href":"https:\/\/fsmcv.org\/vl\/wp-json\/wp\/v2\/categories?post=657"},{"taxonomy":"post_tag","embeddable":true,"href":"https:\/\/fsmcv.org\/vl\/wp-json\/wp\/v2\/tags?post=657"}],"curies":[{"name":"wp","href":"https:\/\/api.w.org\/{rel}","templated":true}]}}