{"id":65738,"date":"2023-06-02T10:44:26","date_gmt":"2023-06-02T08:44:26","guid":{"rendered":"https:\/\/fsmcv.org\/certamens\/xi-festival-de-bandes-vila-dondara\/"},"modified":"2023-06-02T10:50:52","modified_gmt":"2023-06-02T08:50:52","slug":"xi-festival-de-bandes-vila-dondara","status":"publish","type":"post","link":"https:\/\/fsmcv.org\/vl\/societats-musicals\/xi-festival-de-bandes-vila-dondara\/","title":{"rendered":"XI FESTIVAL DE BANDES &#8211; Vila d&#8217;Ondara"},"content":{"rendered":"\n<p>El proper dissabte 3 de juny de 2023 se celebrar\u00e0 a la localitat d&#8217;Ondara el XI FESTIVAL DE BANDES &#8211; Vila d&#8217;Ondara 2023, a la Pla\u00e7a de Bous d&#8217;Ondara.<\/p>\n\n<p>El projecte de festivals de bandes de m\u00fasica va tornar fa 13 anys a Ondara inspirat amb els festivals que en la d\u00e8cada dels anys 80 se celebraven el dia de Santa Anna al final de les Festes Populars de Sant Jaume. Anteriorment referent comarcal i ara actualment ampliant la participaci\u00f3 de bandes d&#8217;altres comarques valencianes i altres territoris.<\/p>\n\n<p>La Pla\u00e7a de Bous d&#8217;Ondara, a part de ser hist\u00f2ricament un referent en el m\u00f3n taur\u00ed, \u00e9s un marc extraordinari per ubicaci\u00f3, aforament i ac\u00fastica a l&#8217;hora de dur a terme quassevol esdeveniment musical. Per tot aix\u00f3, tenim el plaer de convidar-vos i comptar amb la vostra pres\u00e8ncia compartint una vesprada-nit de festival amb les nostres bandes de m\u00fasica.<\/p>\n\n<p>DESENVOLUPAMENT DE L&#8217;ACTE:<br\/>19h. Cercavila de bandes des de la Pla\u00e7a Pa\u00eds Valenci\u00e0 fins a la porta principal de la Pla\u00e7a de Bous. (Per ordre de programa). 19.30h. Desfilada de bandes dins del rotgle de la Pla\u00e7a de Bous. (Per ordre de programa).<\/p>\n\n<p>20h. Inici del Festival de Bandes.<br\/>1) Societat Musical l&#8217;Armonia de Montroi.<br\/>2) Associaci\u00f3 Musical El Verger.<br\/>3) Uni\u00f3 Musical d&#8217;Ondara.<br\/>21:45h. Cloenda de l&#8217;acte.<\/p>\n\n<p>Adjuntem programa: <a href=\"https:\/\/fsmcv.org\/wp-content\/uploads\/2023\/06\/Programa-festival.pdf\" target=\"_blank\" rel=\"noreferrer noopener\">Programa Festival de Bandes<\/a><\/p>\n","protected":false},"excerpt":{"rendered":"<p>El proper dissabte 3 de juny de 2023 se celebrar\u00e0 a la localitat d&#8217;Ondara el XI FESTIVAL DE BANDES &#8211; Vila d&#8217;Ondara 2023, a la Pla\u00e7a de Bous d&#8217;Ondara. El projecte de festivals de bandes de m\u00fasica va tornar fa 13 anys a Ondara inspirat amb els festivals que en la d\u00e8cada dels anys 80 [&hellip;]<\/p>\n","protected":false},"author":17,"featured_media":65734,"comment_status":"open","ping_status":"closed","sticky":false,"template":"","format":"standard","meta":{"footnotes":""},"categories":[56],"tags":[],"class_list":["post-65738","post","type-post","status-publish","format-standard","has-post-thumbnail","hentry","category-societats-musicals"],"_links":{"self":[{"href":"https:\/\/fsmcv.org\/vl\/wp-json\/wp\/v2\/posts\/65738","targetHints":{"allow":["GET"]}}],"collection":[{"href":"https:\/\/fsmcv.org\/vl\/wp-json\/wp\/v2\/posts"}],"about":[{"href":"https:\/\/fsmcv.org\/vl\/wp-json\/wp\/v2\/types\/post"}],"author":[{"embeddable":true,"href":"https:\/\/fsmcv.org\/vl\/wp-json\/wp\/v2\/users\/17"}],"replies":[{"embeddable":true,"href":"https:\/\/fsmcv.org\/vl\/wp-json\/wp\/v2\/comments?post=65738"}],"version-history":[{"count":0,"href":"https:\/\/fsmcv.org\/vl\/wp-json\/wp\/v2\/posts\/65738\/revisions"}],"wp:featuredmedia":[{"embeddable":true,"href":"https:\/\/fsmcv.org\/vl\/wp-json\/wp\/v2\/media\/65734"}],"wp:attachment":[{"href":"https:\/\/fsmcv.org\/vl\/wp-json\/wp\/v2\/media?parent=65738"}],"wp:term":[{"taxonomy":"category","embeddable":true,"href":"https:\/\/fsmcv.org\/vl\/wp-json\/wp\/v2\/categories?post=65738"},{"taxonomy":"post_tag","embeddable":true,"href":"https:\/\/fsmcv.org\/vl\/wp-json\/wp\/v2\/tags?post=65738"}],"curies":[{"name":"wp","href":"https:\/\/api.w.org\/{rel}","templated":true}]}}