{"id":65798,"date":"2023-06-05T13:48:53","date_gmt":"2023-06-05T11:48:53","guid":{"rendered":"https:\/\/fsmcv.org\/certamens\/la-unio-musical-de-sax-ofereix-un-viatge-per-espanya-en-el-seu-concert-musica-als-pobles\/"},"modified":"2023-06-05T13:55:50","modified_gmt":"2023-06-05T11:55:50","slug":"la-unio-musical-de-sax-ofereix-un-viatge-per-espanya-en-el-seu-concert-musica-als-pobles","status":"publish","type":"post","link":"https:\/\/fsmcv.org\/vl\/societats-musicals\/la-unio-musical-de-sax-ofereix-un-viatge-per-espanya-en-el-seu-concert-musica-als-pobles\/","title":{"rendered":"La Uni\u00f3 Musical de Sax ofereix un viatge per Espanya en el seu concert &#8220;M\u00fasica als pobles&#8221;"},"content":{"rendered":"\n<p>El dissabte a <strong>10 de juny<\/strong> a les <strong>19:00h<\/strong> en la <strong>Pla\u00e7a de la Constituci\u00f3<\/strong>.<\/p>\n\n<p>La <strong>Uni\u00f3 Musical i Art\u00edstica de Sax<\/strong> celebrar\u00e0 dissabte que ve <strong>10 de juny<\/strong> a les <strong>19:00h<\/strong> en la <strong>Pla\u00e7a de la Constituci\u00f3<\/strong> un nou concert a l&#8217;aire lliure amb el lema \u2018Viatge per Espanya a ritme de pasdoble\u2019.<\/p>\n\n<p>Sota la batuta del seu director, <strong>Jos\u00e9 Antonio Antol\u00edn Polo<\/strong>, els m\u00fasics de l&#8217;agrupaci\u00f3 saixenca interpretaran en el <strong>primer temps<\/strong> els pasdobles \u00abSuspiros de Espa\u00f1a\u00bb, \u00abValencia\u00bb, \u00abCosta Dorada\u00bb, \u00abGerona\u00bb i \u00abSantander\u00bb.<\/p>\n\n<p>En la <strong>segona part<\/strong> s&#8217;escoltaran les seg\u00fcents obres: \u00abEl T\u00edo Ram\u00f3n\u00bb, \u00abPuenteareas\u00bb, \u00abIslas Canarias\u00bb, \u00abCielo Andaluz\u00bb, \u00abLa Giralda\u00bb, \u00abLa Parranda\u00bb y \u00abEspa\u00f1a Ca\u00f1\u00ed\u00bb.<\/p>\n\n<p>L&#8217;esdeveniment musical, recollit en la XXVIII campanya \u2018M\u00fasica als pobles\u2019, estar\u00e0 sufragat per l<strong>&#8216;Excel\u00b7lent\u00edssima Diputaci\u00f3 Provincial d&#8217;Alacant.<\/strong><\/p>\n","protected":false},"excerpt":{"rendered":"<p>El dissabte a 10 de juny a les 19:00h en la Pla\u00e7a de la Constituci\u00f3. La Uni\u00f3 Musical i Art\u00edstica de Sax celebrar\u00e0 dissabte que ve 10 de juny a les 19:00h en la Pla\u00e7a de la Constituci\u00f3 un nou concert a l&#8217;aire lliure amb el lema \u2018Viatge per Espanya a ritme de pasdoble\u2019. Sota [&hellip;]<\/p>\n","protected":false},"author":17,"featured_media":63389,"comment_status":"open","ping_status":"closed","sticky":false,"template":"","format":"standard","meta":{"footnotes":""},"categories":[56],"tags":[],"class_list":["post-65798","post","type-post","status-publish","format-standard","has-post-thumbnail","hentry","category-societats-musicals"],"_links":{"self":[{"href":"https:\/\/fsmcv.org\/vl\/wp-json\/wp\/v2\/posts\/65798","targetHints":{"allow":["GET"]}}],"collection":[{"href":"https:\/\/fsmcv.org\/vl\/wp-json\/wp\/v2\/posts"}],"about":[{"href":"https:\/\/fsmcv.org\/vl\/wp-json\/wp\/v2\/types\/post"}],"author":[{"embeddable":true,"href":"https:\/\/fsmcv.org\/vl\/wp-json\/wp\/v2\/users\/17"}],"replies":[{"embeddable":true,"href":"https:\/\/fsmcv.org\/vl\/wp-json\/wp\/v2\/comments?post=65798"}],"version-history":[{"count":0,"href":"https:\/\/fsmcv.org\/vl\/wp-json\/wp\/v2\/posts\/65798\/revisions"}],"wp:featuredmedia":[{"embeddable":true,"href":"https:\/\/fsmcv.org\/vl\/wp-json\/wp\/v2\/media\/63389"}],"wp:attachment":[{"href":"https:\/\/fsmcv.org\/vl\/wp-json\/wp\/v2\/media?parent=65798"}],"wp:term":[{"taxonomy":"category","embeddable":true,"href":"https:\/\/fsmcv.org\/vl\/wp-json\/wp\/v2\/categories?post=65798"},{"taxonomy":"post_tag","embeddable":true,"href":"https:\/\/fsmcv.org\/vl\/wp-json\/wp\/v2\/tags?post=65798"}],"curies":[{"name":"wp","href":"https:\/\/api.w.org\/{rel}","templated":true}]}}