{"id":65920,"date":"2023-06-07T10:04:36","date_gmt":"2023-06-07T08:04:36","guid":{"rendered":"https:\/\/fsmcv.org\/certamens\/gran-exit-de-la-jornada-de-portes-obertes-de-lartistica-manisense\/"},"modified":"2023-06-07T10:21:38","modified_gmt":"2023-06-07T08:21:38","slug":"gran-exit-de-la-jornada-de-portes-obertes-de-lartistica-manisense","status":"publish","type":"post","link":"https:\/\/fsmcv.org\/vl\/societats-musicals\/gran-exit-de-la-jornada-de-portes-obertes-de-lartistica-manisense\/","title":{"rendered":"Gran \u00e8xit de la Jornada de Portes Obertes de l&#8217;Art\u00edstica Manisense!"},"content":{"rendered":"\n<p>La Societat Musical L\u2019Art\u00edstica Manisense de Manises va celebrar la seua Jornada de Portes Obertes el passat dissabte amb un gran \u00e8xit d\u2019assist\u00e8ncia i participaci\u00f3. Al llarg de tot el dia, m\u00e9s de <strong>400 persones<\/strong> van participar en les activitats organitzades, pensades a un p\u00fablic de totes les edats i obertes a tots els ve\u00efns i ve\u00efnes de Manises.<\/p>\n\n<p>El programa de la jornada inclo\u00efa <strong>activitats did\u00e0ctiques, tallers i jocs<\/strong> per als m\u00e9s menuts, entre els quals va destacar el taller \u201c<strong>Com sonen els instruments?<\/strong>\u201d, on els xiquets i xiquetes van poder descobrir els diferents instruments de vent, corda i percussi\u00f3 amb m\u00fasica en directe. En acabar, es van poder incorporar a un <strong>passacarrer col\u00b7lectiu<\/strong> juntament amb els m\u00fasics i m\u00fasiques de L\u2019Art\u00edstica Manisense.<\/p>\n\n<p>Els assistents a la jornada van poder tamb\u00e9 gaudir d\u2019una <strong>experi\u00e8ncia immersiva<\/strong> durant l\u2019assaig obert de la Banda Juvenil, aix\u00ed com disfrutar dels <strong>concerts<\/strong> de la Banda Infantil, l\u2019Orquestra Infantil, el Cor Polif\u00f2nic i l\u2019Orquestra. A m\u00e9s, durant la jornada es va inaugurar l\u2019<strong>exposici\u00f3 \u201cDones pioneres a les bandes valencianes\u201d<\/strong>, una mostra col\u00b7laborativa de la Federaci\u00f3 de Societats Musical de la Comunitat Valenciana <em>(<\/em>FSMCV) que recull la hist\u00f2ria de la incorporaci\u00f3 de les dones a les bandes valencianes<\/p>\n\n<p>Aquesta \u00e9s la tercera edici\u00f3 de la Jornada de Portes Obertes de L\u2019Art\u00edstica Manisense, una jornada destinada a donar a con\u00e8ixer a tot el poble la tasca cultural i educativa realitzada per aquesta societat musical, i tamb\u00e9 per a potenciar la cohesi\u00f3 entre les diferents agrupacions .<\/p>\n\n<figure class=\"wp-block-image size-large\"><img decoding=\"async\" src=\"https:\/\/fsmcv.org\/wp-content\/uploads\/2023\/06\/dsddafdfv-1024x768.jpg\" alt=\"\" class=\"wp-image-65930\" title=\"\"><\/figure>\n<figure class=\"wp-block-image size-large\"><img decoding=\"async\" src=\"https:\/\/fsmcv.org\/wp-content\/uploads\/2023\/06\/ascvzxc-1024x768.jpg\" alt=\"\" class=\"wp-image-65927\" title=\"\"><\/figure>\n<figure class=\"wp-block-image size-large\"><img decoding=\"async\" src=\"https:\/\/fsmcv.org\/wp-content\/uploads\/2023\/06\/asccczxc-1024x768.jpg\" alt=\"\" class=\"wp-image-65925\" title=\"\"><\/figure>","protected":false},"excerpt":{"rendered":"<p>La Societat Musical L\u2019Art\u00edstica Manisense de Manises va celebrar la seua Jornada de Portes Obertes el passat dissabte amb un gran \u00e8xit d\u2019assist\u00e8ncia i participaci\u00f3. Al llarg de tot el dia, m\u00e9s de 400 persones van participar en les activitats organitzades, pensades a un p\u00fablic de totes les edats i obertes a tots els ve\u00efns [&hellip;]<\/p>\n","protected":false},"author":17,"featured_media":45600,"comment_status":"open","ping_status":"closed","sticky":false,"template":"","format":"standard","meta":{"footnotes":""},"categories":[56],"tags":[],"class_list":["post-65920","post","type-post","status-publish","format-standard","has-post-thumbnail","hentry","category-societats-musicals"],"_links":{"self":[{"href":"https:\/\/fsmcv.org\/vl\/wp-json\/wp\/v2\/posts\/65920","targetHints":{"allow":["GET"]}}],"collection":[{"href":"https:\/\/fsmcv.org\/vl\/wp-json\/wp\/v2\/posts"}],"about":[{"href":"https:\/\/fsmcv.org\/vl\/wp-json\/wp\/v2\/types\/post"}],"author":[{"embeddable":true,"href":"https:\/\/fsmcv.org\/vl\/wp-json\/wp\/v2\/users\/17"}],"replies":[{"embeddable":true,"href":"https:\/\/fsmcv.org\/vl\/wp-json\/wp\/v2\/comments?post=65920"}],"version-history":[{"count":0,"href":"https:\/\/fsmcv.org\/vl\/wp-json\/wp\/v2\/posts\/65920\/revisions"}],"wp:featuredmedia":[{"embeddable":true,"href":"https:\/\/fsmcv.org\/vl\/wp-json\/wp\/v2\/media\/45600"}],"wp:attachment":[{"href":"https:\/\/fsmcv.org\/vl\/wp-json\/wp\/v2\/media?parent=65920"}],"wp:term":[{"taxonomy":"category","embeddable":true,"href":"https:\/\/fsmcv.org\/vl\/wp-json\/wp\/v2\/categories?post=65920"},{"taxonomy":"post_tag","embeddable":true,"href":"https:\/\/fsmcv.org\/vl\/wp-json\/wp\/v2\/tags?post=65920"}],"curies":[{"name":"wp","href":"https:\/\/api.w.org\/{rel}","templated":true}]}}