{"id":660,"date":"2016-06-10T16:42:08","date_gmt":"2016-06-10T14:42:08","guid":{"rendered":"http:\/\/fsmcv.org\/?post_type=fsmcv-noticias&#038;p=660"},"modified":"2020-09-27T18:20:14","modified_gmt":"2020-09-27T18:20:14","slug":"concert-retrobem-la-nostra-musica-a-carrec-banda-simfonica-de-lagrupacio-musical-santa-cecilia-del-grau","status":"publish","type":"post","link":"https:\/\/fsmcv.org\/vl\/noticies-campanyes\/musica-a-la-llum\/concert-retrobem-la-nostra-musica-a-carrec-banda-simfonica-de-lagrupacio-musical-santa-cecilia-del-grau\/","title":{"rendered":"Concert Retrobem la Nostra m\u00fasica a c\u00e0rrec Banda Simf\u00f2nica de l&#8217;Agrupaci\u00f3 Musical Santa Cec\u00edlia del Grau"},"content":{"rendered":"<p>Val\u00e8ncia, 10 de juny de 2016<br \/>\nAquest dissabte, l&#8217;11 de juny de 2016, a les 20.30 hores, Concert Retrobem la Nostra M\u00fasica, a c\u00e0rrec de la Banda Simf\u00f2nica de l&#8217;Agrupaci\u00f3 Musical Santa Cec\u00edlia del Grau, a l&#8217;esgl\u00e9sia de Sant Mauro, a Val\u00e8ncia. Sota la direcci\u00f3 de Miquel Zan\u00f3n.<\/p>\n<p>PROGRAMA<\/p>\n<p>Arturo i Vicente TEROL GANDIA<\/p>\n<p>* LAS PROVINCIAS (Pasdoble)<\/p>\n<p>Leopold MAGENTI I CHELVI<\/p>\n<p>* ESTAMPES MEDITERR\u00c0NIES (Suite Simf\u00f2nica)<\/p>\n<p>I. Crepuscle a Mallorca<\/p>\n<p>II. La Pavana de Val\u00e8ncia<\/p>\n<p>IV. La Costa Brava<\/p>\n<p>Joan Baptista CABANILLES BARBER\u00c0<\/p>\n<p>* BATALLA IMPERIAL<\/p>\n<p>Jos\u00e9 SERRANO SIME\u00d3N<\/p>\n<p>* MOROS Y CRISTIANOS (Marxa mora)<\/p>\n<p>Matilde SALVADOR I SEGARRA<\/p>\n<p>* MARXA DEL REI BARBUT<\/p>\n<p>\u00d3scar NAVARRO GONZ\u00c1LEZ<\/p>\n<p>EXPEDITION (Poema Simf\u00f2nic)<\/p>\n<p>* Primera interpretaci\u00f3 per la banda<\/p>\n<p>Joan F. MIQUEL ZAN\u00d3N, director<\/p>\n","protected":false},"excerpt":{"rendered":"<p>L&#8217;11 de juny a les 20.30h a a l&#8217;esgl\u00e9sia de Sant Mauro, a Val\u00e8ncia. Sota la direcci\u00f3 de Miquel Zan\u00f3<\/p>\n","protected":false},"author":2,"featured_media":0,"comment_status":"closed","ping_status":"closed","sticky":false,"template":"","format":"standard","meta":{"footnotes":""},"categories":[10],"tags":[],"class_list":["post-660","post","type-post","status-publish","format-standard","hentry","category-musica-a-la-llum"],"_links":{"self":[{"href":"https:\/\/fsmcv.org\/vl\/wp-json\/wp\/v2\/posts\/660","targetHints":{"allow":["GET"]}}],"collection":[{"href":"https:\/\/fsmcv.org\/vl\/wp-json\/wp\/v2\/posts"}],"about":[{"href":"https:\/\/fsmcv.org\/vl\/wp-json\/wp\/v2\/types\/post"}],"author":[{"embeddable":true,"href":"https:\/\/fsmcv.org\/vl\/wp-json\/wp\/v2\/users\/2"}],"replies":[{"embeddable":true,"href":"https:\/\/fsmcv.org\/vl\/wp-json\/wp\/v2\/comments?post=660"}],"version-history":[{"count":0,"href":"https:\/\/fsmcv.org\/vl\/wp-json\/wp\/v2\/posts\/660\/revisions"}],"wp:attachment":[{"href":"https:\/\/fsmcv.org\/vl\/wp-json\/wp\/v2\/media?parent=660"}],"wp:term":[{"taxonomy":"category","embeddable":true,"href":"https:\/\/fsmcv.org\/vl\/wp-json\/wp\/v2\/categories?post=660"},{"taxonomy":"post_tag","embeddable":true,"href":"https:\/\/fsmcv.org\/vl\/wp-json\/wp\/v2\/tags?post=660"}],"curies":[{"name":"wp","href":"https:\/\/api.w.org\/{rel}","templated":true}]}}