{"id":66224,"date":"2023-06-19T11:30:56","date_gmt":"2023-06-19T09:30:56","guid":{"rendered":"https:\/\/fsmcv.org\/?p=66224"},"modified":"2023-06-19T17:31:49","modified_gmt":"2023-06-19T15:31:49","slug":"ultim-adeu-a-angel-asuncion","status":"publish","type":"post","link":"https:\/\/fsmcv.org\/vl\/altres\/ultim-adeu-a-angel-asuncion\/","title":{"rendered":"\u00daltim adeu a \u00c1ngel Asunci\u00f3n"},"content":{"rendered":"\n<p>Ahir, diumenge 18 de juny, vam rebre la trista not\u00edcia de la p\u00e8rdua d&#8217;\u00c1ngel Asunci\u00f3n Rubio, President d&#8217;Honor de la Federaci\u00f3 de Societats Musicals de la Comunitat Valenciana, de la qual \u00e9s membre fundador.<\/p>\n\n<figure class=\"wp-block-image size-full\"><img fetchpriority=\"high\" decoding=\"async\" width=\"741\" height=\"660\" src=\"https:\/\/fsmcv.org\/wp-content\/uploads\/2023\/06\/WhatsApp-Image-2023-06-19-at-08.32.jpg\" alt=\"\" class=\"wp-image-66252\" title=\"\" srcset=\"https:\/\/fsmcv.org\/wp-content\/uploads\/2023\/06\/WhatsApp-Image-2023-06-19-at-08.32.jpg 741w, https:\/\/fsmcv.org\/wp-content\/uploads\/2023\/06\/WhatsApp-Image-2023-06-19-at-08.32-600x534.jpg 600w\" sizes=\"(max-width: 741px) 100vw, 741px\" \/><\/figure>\n<p>Nascut a Quart de Poblet en 1940, \u00c1ngel Asunci\u00f3n ha sigut una figura fonamental per a les nostres societats musicals: a m\u00e9s de formar part de la creaci\u00f3 de la Federaci\u00f3, en 1968, va presidir la instituci\u00f3 entre 1983 i 1998. Ser\u00e0 recordat com un dels grans referents del nostre col\u00b7lectiu, amb una vida entregada a la m\u00fasica valenciana des dels seus inicis, en l&#8217;Agrupaci\u00f3 Musical L&#8217;Amistat de Quart de Poblet.<\/p>\n\n<p>Hui el cos d&#8217;\u00c1ngel Asunci\u00f3n descansa en el Tanatori Lucem de Quart de Poblet des de les 9.30 hores. Aquesta vesprada se celebrar\u00e0 el funeral a l&#8217;Esgl\u00e9sia de la Pur\u00edssima Concepci\u00f3 de Quart de Poblet a les 17.00.<\/p>\n","protected":false},"excerpt":{"rendered":"<p>Ahir, diumenge 18 de juny, vam rebre la trista not\u00edcia de la p\u00e8rdua d&#8217;\u00c1ngel Asunci\u00f3n Rubio, President d&#8217;Honor de la Federaci\u00f3 de Societats Musicals de la Comunitat Valenciana, de la qual \u00e9s membre fundador. Nascut a Quart de Poblet en 1940, \u00c1ngel Asunci\u00f3n ha sigut una figura fonamental per a les nostres societats musicals: a [&hellip;]<\/p>\n","protected":false},"author":9,"featured_media":66253,"comment_status":"open","ping_status":"closed","sticky":false,"template":"","format":"standard","meta":{"footnotes":""},"categories":[304],"tags":[],"class_list":["post-66224","post","type-post","status-publish","format-standard","has-post-thumbnail","hentry","category-altres"],"_links":{"self":[{"href":"https:\/\/fsmcv.org\/vl\/wp-json\/wp\/v2\/posts\/66224","targetHints":{"allow":["GET"]}}],"collection":[{"href":"https:\/\/fsmcv.org\/vl\/wp-json\/wp\/v2\/posts"}],"about":[{"href":"https:\/\/fsmcv.org\/vl\/wp-json\/wp\/v2\/types\/post"}],"author":[{"embeddable":true,"href":"https:\/\/fsmcv.org\/vl\/wp-json\/wp\/v2\/users\/9"}],"replies":[{"embeddable":true,"href":"https:\/\/fsmcv.org\/vl\/wp-json\/wp\/v2\/comments?post=66224"}],"version-history":[{"count":0,"href":"https:\/\/fsmcv.org\/vl\/wp-json\/wp\/v2\/posts\/66224\/revisions"}],"wp:featuredmedia":[{"embeddable":true,"href":"https:\/\/fsmcv.org\/vl\/wp-json\/wp\/v2\/media\/66253"}],"wp:attachment":[{"href":"https:\/\/fsmcv.org\/vl\/wp-json\/wp\/v2\/media?parent=66224"}],"wp:term":[{"taxonomy":"category","embeddable":true,"href":"https:\/\/fsmcv.org\/vl\/wp-json\/wp\/v2\/categories?post=66224"},{"taxonomy":"post_tag","embeddable":true,"href":"https:\/\/fsmcv.org\/vl\/wp-json\/wp\/v2\/tags?post=66224"}],"curies":[{"name":"wp","href":"https:\/\/api.w.org\/{rel}","templated":true}]}}