{"id":66375,"date":"2023-06-17T15:38:02","date_gmt":"2023-06-17T13:38:02","guid":{"rendered":"https:\/\/fsmcv.org\/certamens\/la-unio-musical-i-artistica-de-sax-mante-obert-el-termini-de-matricula-per-a-la-seua-escola-de-musica-fins-al-30-de-juny\/"},"modified":"2023-10-23T16:02:38","modified_gmt":"2023-10-23T14:02:38","slug":"la-unio-musical-i-artistica-de-sax-mante-obert-el-termini-de-matricula-per-a-la-seua-escola-de-musica-fins-al-30-de-juny","status":"publish","type":"post","link":"https:\/\/fsmcv.org\/vl\/societats-musicals\/la-unio-musical-i-artistica-de-sax-mante-obert-el-termini-de-matricula-per-a-la-seua-escola-de-musica-fins-al-30-de-juny\/","title":{"rendered":"La Uni\u00f3 Musical i Art\u00edstica de Sax mant\u00e9 obert el termini de matr\u00edcula per a la seua escola de m\u00fasica fins al 30 de juny"},"content":{"rendered":"\n<p>L&#8217;<strong>Escola d&#8217;Educands<\/strong> de la Societat Uni\u00f3 Musical i Art\u00edstica de Sax obri el termini de matr\u00edcula del pr\u00f2xim <strong>curs 2023-2024<\/strong> per al <strong>nou alumnat<\/strong>, perqu\u00e8 podr\u00e0 realitzar-se <strong>fins al divendres 30 de juny.<\/strong><\/p>\n\n\n\n<p><strong>Tota la informaci\u00f3<\/strong> necess\u00e0ria per a fer la matr\u00edcula es troba en la nostra <strong>p\u00e0gina web<\/strong> (<a href=\"http:\/\/www.unionmusicalsax.es\" target=\"_blank\" rel=\"noopener\">www.unionmusicalsax.es<\/a>) on a m\u00e9s, es podr\u00e0 completar el formulari de matr\u00edcula.<\/p>\n\n\n\n<p>Per a <strong>m\u00e9s informaci\u00f3<\/strong>, poden acudir de manera presencial a la seu de la Uni\u00f3 Musical i Art\u00edstica de Sax els dilluns i dimecres d&#8217;11.00 hores a 13.00 hores i els divendres de 18.30 hores a 19.30 hores, escriure un email a <a href=\"mailto:info@unionmusicalsax.es\">info@unionmusicalsax.es<\/a> o posar-se en contacte mitjan\u00e7ant el tel\u00e8fon 687467365.<\/p>\n\n\n\n<p>De cara al curs <strong>2023-2024<\/strong> els programes oferits a l&#8217;escola s\u00f3n: <strong>Jard\u00ed i Iniciaci\u00f3 Musical<\/strong>, xiquets de 4 a 7 anys; <strong>Cor<\/strong> i <strong>Llenguatge Musical<\/strong>, xiquets a partir de 7 anys.<\/p>\n\n\n\n<p>Quant a les <strong>especialitats instrumentals<\/strong>, a partir de 7 anys, podran triar entre les seg\u00fcents: flauta, clarinet, saxofon, trompeta, trompa, tromb\u00f3, tuba, percussi\u00f3, violoncel, contrabaix, viol\u00ed i piano. Per a m\u00e9s informaci\u00f3, poden visitar la nostra p\u00e0gina web: <a href=\"http:\/\/www.unionmusicalsax.es\" target=\"_blank\" rel=\"noopener\">www.unionmusicalsax.es<\/a><\/p>\n","protected":false},"excerpt":{"rendered":"<p>L&#8217;Escola d&#8217;Educands de la Societat Uni\u00f3 Musical i Art\u00edstica de Sax obri el termini de matr\u00edcula del pr\u00f2xim curs 2023-2024 per al nou alumnat, perqu\u00e8 podr\u00e0 realitzar-se fins al divendres 30 de juny. Tota la informaci\u00f3 necess\u00e0ria per a fer la matr\u00edcula es troba en la nostra p\u00e0gina web (www.unionmusicalsax.es) on a m\u00e9s, es podr\u00e0 [&hellip;]<\/p>\n","protected":false},"author":17,"featured_media":63389,"comment_status":"open","ping_status":"closed","sticky":false,"template":"","format":"standard","meta":{"footnotes":""},"categories":[56],"tags":[],"class_list":["post-66375","post","type-post","status-publish","format-standard","has-post-thumbnail","hentry","category-societats-musicals"],"_links":{"self":[{"href":"https:\/\/fsmcv.org\/vl\/wp-json\/wp\/v2\/posts\/66375","targetHints":{"allow":["GET"]}}],"collection":[{"href":"https:\/\/fsmcv.org\/vl\/wp-json\/wp\/v2\/posts"}],"about":[{"href":"https:\/\/fsmcv.org\/vl\/wp-json\/wp\/v2\/types\/post"}],"author":[{"embeddable":true,"href":"https:\/\/fsmcv.org\/vl\/wp-json\/wp\/v2\/users\/17"}],"replies":[{"embeddable":true,"href":"https:\/\/fsmcv.org\/vl\/wp-json\/wp\/v2\/comments?post=66375"}],"version-history":[{"count":0,"href":"https:\/\/fsmcv.org\/vl\/wp-json\/wp\/v2\/posts\/66375\/revisions"}],"wp:featuredmedia":[{"embeddable":true,"href":"https:\/\/fsmcv.org\/vl\/wp-json\/wp\/v2\/media\/63389"}],"wp:attachment":[{"href":"https:\/\/fsmcv.org\/vl\/wp-json\/wp\/v2\/media?parent=66375"}],"wp:term":[{"taxonomy":"category","embeddable":true,"href":"https:\/\/fsmcv.org\/vl\/wp-json\/wp\/v2\/categories?post=66375"},{"taxonomy":"post_tag","embeddable":true,"href":"https:\/\/fsmcv.org\/vl\/wp-json\/wp\/v2\/tags?post=66375"}],"curies":[{"name":"wp","href":"https:\/\/api.w.org\/{rel}","templated":true}]}}