{"id":66441,"date":"2023-06-20T13:23:30","date_gmt":"2023-06-20T11:23:30","guid":{"rendered":"https:\/\/fsmcv.org\/?p=66441"},"modified":"2023-06-20T13:25:18","modified_gmt":"2023-06-20T11:25:18","slug":"convocatoria-ajudes-publiques-per-a-modernitzacio-de-les-estructures-de-gestio-artistica","status":"publish","type":"post","link":"https:\/\/fsmcv.org\/vl\/convocatories-publiques\/convocatoria-ajudes-publiques-per-a-modernitzacio-de-les-estructures-de-gestio-artistica\/","title":{"rendered":"CONVOCAT\u00d2RIA AJUDES P\u00daBLIQUES PER A MODERNITZACI\u00d3 DE LES ESTRUCTURES DE GESTI\u00d3 ART\u00cdSTICA"},"content":{"rendered":"\n<p>Extracte de la resoluci\u00f3 de l&#8217;Institut Nacional de les Arts Esc\u00e8niques i de la M\u00fasica per la qual es convoquen ajudes p\u00fabliques per a modernitzaci\u00f3 de les estructures de gesti\u00f3 art\u00edstica en l&#8217;\u00e0mbit de les arts esc\u00e8niques i de la m\u00fasica corresponents a l&#8217;any 2022 en el marc del pla de recuperaci\u00f3, transformaci\u00f3 i resili\u00e8ncia. <\/p>\n\n<p><strong>BENEFICIARIS<\/strong> <br\/>Tenen la consideraci\u00f3 d&#8217;entitats benefici\u00e0ries vinculades a l&#8217;\u00e0mbit de les arts esc\u00e8niques i de la m\u00fasica les incloses en l&#8217;article 5 de les bases reguladores i que es puguen emmarcar en alguna de les seg\u00fcents categories: <br\/>a) Persones f\u00edsiques i jur\u00eddiques <br\/>b) Associacions sense \u00e0nim de lucre <br\/>c) Fundacions i entitats de car\u00e0cter p\u00fablic o privat<\/p>\n\n<p><strong>OBJECTE I FINALITAT<\/strong><br\/>Aquesta Resoluci\u00f3 t\u00e9 per objecte la concessi\u00f3 d&#8217;ajudes p\u00fabliques a projectes d&#8217;inversi\u00f3 per a la modernitzaci\u00f3, digitalitzaci\u00f3 i transici\u00f3 ecol\u00f2gica en l&#8217;\u00e0mbit de les arts esc\u00e8niques i de la m\u00fasica.<\/p>\n\n<p><strong>QUANTIA<\/strong><br\/>L&#8217;import d&#8217;aquestes ajudes no podr\u00e0, en cap cas, ser de tal quantia que supere el 80% del cost total del projecte.<\/p>\n\n<p><strong>TERMINI DE PRESENTACI\u00d3 DE SOL\u00b7LICITUDS<\/strong><br\/>El termini per a la presentaci\u00f3 de les sol\u00b7licituds ser\u00e0 de 10 dies h\u00e0bils, comptats a partir de l&#8217;endem\u00e0 de la publicaci\u00f3 de l&#8217;extracte de la present convocat\u00f2ria en el \u00abButllet\u00ed Oficial de l&#8217;Estat\u00bb.<\/p>\n\n<p><strong>Per a m\u00e9s informaci\u00f3 poden accedir al tr\u00e0mit de la convocat\u00f2ria en el seg\u00fcent enlla\u00e7: <\/strong><a href=\"https:\/\/www.culturaydeporte.gob.es\/servicios-al-ciudadano\/catalogo\/general\/24\/2447452\/ficha\/2447452-2022.html\" target=\"_blank\" rel=\"noreferrer noopener\">https:\/\/www.culturaydeporte.gob.es\/servicios-al-ciudadano<\/a>.<\/p>\n","protected":false},"excerpt":{"rendered":"<p>Extracte de la resoluci\u00f3 de l&#8217;Institut Nacional de les Arts Esc\u00e8niques i de la M\u00fasica per la qual es convoquen ajudes p\u00fabliques per a modernitzaci\u00f3 de les estructures de gesti\u00f3 art\u00edstica en l&#8217;\u00e0mbit de les arts esc\u00e8niques i de la m\u00fasica corresponents a l&#8217;any 2022 en el marc del pla de recuperaci\u00f3, transformaci\u00f3 i resili\u00e8ncia. [&hellip;]<\/p>\n","protected":false},"author":17,"featured_media":63073,"comment_status":"open","ping_status":"closed","sticky":false,"template":"","format":"standard","meta":{"footnotes":""},"categories":[45],"tags":[],"class_list":["post-66441","post","type-post","status-publish","format-standard","has-post-thumbnail","hentry","category-convocatories-publiques"],"_links":{"self":[{"href":"https:\/\/fsmcv.org\/vl\/wp-json\/wp\/v2\/posts\/66441","targetHints":{"allow":["GET"]}}],"collection":[{"href":"https:\/\/fsmcv.org\/vl\/wp-json\/wp\/v2\/posts"}],"about":[{"href":"https:\/\/fsmcv.org\/vl\/wp-json\/wp\/v2\/types\/post"}],"author":[{"embeddable":true,"href":"https:\/\/fsmcv.org\/vl\/wp-json\/wp\/v2\/users\/17"}],"replies":[{"embeddable":true,"href":"https:\/\/fsmcv.org\/vl\/wp-json\/wp\/v2\/comments?post=66441"}],"version-history":[{"count":0,"href":"https:\/\/fsmcv.org\/vl\/wp-json\/wp\/v2\/posts\/66441\/revisions"}],"wp:featuredmedia":[{"embeddable":true,"href":"https:\/\/fsmcv.org\/vl\/wp-json\/wp\/v2\/media\/63073"}],"wp:attachment":[{"href":"https:\/\/fsmcv.org\/vl\/wp-json\/wp\/v2\/media?parent=66441"}],"wp:term":[{"taxonomy":"category","embeddable":true,"href":"https:\/\/fsmcv.org\/vl\/wp-json\/wp\/v2\/categories?post=66441"},{"taxonomy":"post_tag","embeddable":true,"href":"https:\/\/fsmcv.org\/vl\/wp-json\/wp\/v2\/tags?post=66441"}],"curies":[{"name":"wp","href":"https:\/\/api.w.org\/{rel}","templated":true}]}}