{"id":6677,"date":"2017-11-08T12:57:53","date_gmt":"2017-11-08T11:57:53","guid":{"rendered":"https:\/\/fsmcv.org\/?post_type=fsmcv-noticias&#038;p=6677"},"modified":"2021-03-29T19:15:37","modified_gmt":"2021-03-29T17:15:37","slug":"los-videos-de-la-49assembleafsmcv","status":"publish","type":"post","link":"https:\/\/fsmcv.org\/vl\/assemblees-generals\/los-videos-de-la-49assembleafsmcv\/","title":{"rendered":"Els v\u00eddeos de la #49assembleaFSMCV"},"content":{"rendered":"<p>Els dies 28 i 29 d&#8217;octubre de 2017 va tindre lloc la 49a Assemblea General de la Federaci\u00f3 de Societats Musicals de la Comunitat Valenciana a Elda.<\/p>\n<p>Per comen\u00e7ar, s&#8217;inaugur\u00e0 el curs escolar amb la confer\u00e8ncia dedicada a la salut dels m\u00fasics i, en concret, al problemes posturals que pot ocasionar la pr\u00e0ctica repetida i en una postura inadequada. Ac\u00ed pots veure el v\u00eddeo de la confer\u00e8ncia a c\u00e0rrec de Pilar Rom\u00e1n, cap del Servei de Rehabilitaci\u00f3 de l&#8217;Hospital de Manises.<\/p>\n<p style=\"text-align: center;\"><iframe src=\"https:\/\/www.youtube.com\/embed\/MZcjfO_suZU?rel=0\" width=\"100%\" height=\"315\" frameborder=\"0\" allowfullscreen=\"allowfullscreen\"><\/iframe><\/p>\n<p>L&#8217;Assemblea va durar dos dies i tract\u00e0rem temes d&#8217;all\u00f2 m\u00e9s diversos. La millor manera de saber qu\u00e8 va passar \u00e9s veure aquest resum:<\/p>\n<p style=\"text-align: center;\"><iframe src=\"https:\/\/www.youtube.com\/embed\/GjjtCSvz0T8?rel=0\" width=\"100%\" height=\"315\" frameborder=\"0\" allowfullscreen=\"allowfullscreen\"><\/iframe><\/p>\n<p>No hi havia millor manera d&#8217;acabar la 49a Assemblea General que omplint de m\u00fasica els carrers d&#8217;Elda. Un miler de m\u00fasics desfilaren per la ciutat del Vinalop\u00f3 per trobar-se a la pla\u00e7a Castelar i interpretar, tots junts, &#8220;Idella&#8221;, el pasdoble dedicat a Elda que \u00e9s tot un cl\u00e0ssic&#8230; <em>Idella de mis amores<\/em>!<\/p>\n<p style=\"text-align: center;\"><iframe src=\"https:\/\/www.youtube.com\/embed\/yHlDXD5btoM?rel=0\" width=\"100%\" height=\"315\" frameborder=\"0\" allowfullscreen=\"allowfullscreen\"><\/iframe><\/p>\n<p>Subscriu-te al nostre canal de YouTube. Tens m\u00e9s de 200 v\u00eddeos a la teua disposici\u00f3!<\/p>\n<p><script src=\"https:\/\/apis.google.com\/js\/platform.js\"><\/script><\/p>\n<div class=\"g-ytsubscribe\" data-channel=\"FSMCV\" data-layout=\"full\" data-count=\"default\"><\/div>\n","protected":false},"excerpt":{"rendered":"<p>Mira ac\u00ed els v\u00eddeos on resumim la 49a Assemblea General de la FSCMV que tingu\u00e9 lloc a Elda els dies 28 i 29 d&#8217;octubre de 2017.<\/p>\n","protected":false},"author":2,"featured_media":0,"comment_status":"closed","ping_status":"closed","sticky":false,"template":"","format":"standard","meta":{"footnotes":""},"categories":[168],"tags":[],"class_list":["post-6677","post","type-post","status-publish","format-standard","hentry","category-assemblees-generals"],"_links":{"self":[{"href":"https:\/\/fsmcv.org\/vl\/wp-json\/wp\/v2\/posts\/6677","targetHints":{"allow":["GET"]}}],"collection":[{"href":"https:\/\/fsmcv.org\/vl\/wp-json\/wp\/v2\/posts"}],"about":[{"href":"https:\/\/fsmcv.org\/vl\/wp-json\/wp\/v2\/types\/post"}],"author":[{"embeddable":true,"href":"https:\/\/fsmcv.org\/vl\/wp-json\/wp\/v2\/users\/2"}],"replies":[{"embeddable":true,"href":"https:\/\/fsmcv.org\/vl\/wp-json\/wp\/v2\/comments?post=6677"}],"version-history":[{"count":0,"href":"https:\/\/fsmcv.org\/vl\/wp-json\/wp\/v2\/posts\/6677\/revisions"}],"wp:attachment":[{"href":"https:\/\/fsmcv.org\/vl\/wp-json\/wp\/v2\/media?parent=6677"}],"wp:term":[{"taxonomy":"category","embeddable":true,"href":"https:\/\/fsmcv.org\/vl\/wp-json\/wp\/v2\/categories?post=6677"},{"taxonomy":"post_tag","embeddable":true,"href":"https:\/\/fsmcv.org\/vl\/wp-json\/wp\/v2\/tags?post=6677"}],"curies":[{"name":"wp","href":"https:\/\/api.w.org\/{rel}","templated":true}]}}