{"id":67439,"date":"2023-07-11T14:49:26","date_gmt":"2023-07-11T12:49:26","guid":{"rendered":"https:\/\/fsmcv.org\/certamens\/lartistica-manisense-va-desfilar-en-els-moros-i-cristianos-de-manises\/"},"modified":"2023-07-11T14:53:21","modified_gmt":"2023-07-11T12:53:21","slug":"lartistica-manisense-va-desfilar-en-els-moros-i-cristianos-de-manises","status":"publish","type":"post","link":"https:\/\/fsmcv.org\/vl\/societats-musicals\/lartistica-manisense-va-desfilar-en-els-moros-i-cristianos-de-manises\/","title":{"rendered":"L&#8217;Art\u00edstica Manisense va desfilar en els Moros i Cristians de Manises"},"content":{"rendered":"\n<h2 class=\"wp-block-heading\">Sense m\u00fasica, no hi ha festa<br\/><\/h2>\n\n<p>L&#8217;Art\u00edstica Manisense va desfilar en els Moros i Cristians de Manises amb la comparsa d&#8217;Els Bo\u00efl.<\/p>\n\n<p>Adjuntem fotos:<\/p>\n\n<figure class=\"wp-block-image size-large\"><img decoding=\"async\" src=\"https:\/\/fsmcv.org\/wp-content\/uploads\/2023\/07\/manisense-1-1-1024x534.jpg\" alt=\"\" class=\"wp-image-67432\" title=\"\"><\/figure>\n<figure class=\"wp-block-image size-large\"><img decoding=\"async\" src=\"https:\/\/fsmcv.org\/wp-content\/uploads\/2023\/07\/moros-manises-2-1024x768.jpg\" alt=\"\" class=\"wp-image-67434\" title=\"\"><\/figure>\n<figure class=\"wp-block-image size-large\"><img decoding=\"async\" src=\"https:\/\/fsmcv.org\/wp-content\/uploads\/2023\/07\/moros-manises-3-1024x768.jpg\" alt=\"\" class=\"wp-image-67436\" title=\"\"><\/figure>","protected":false},"excerpt":{"rendered":"<p>Sense m\u00fasica, no hi ha festa L&#8217;Art\u00edstica Manisense va desfilar en els Moros i Cristians de Manises amb la comparsa d&#8217;Els Bo\u00efl. Adjuntem fotos:<\/p>\n","protected":false},"author":17,"featured_media":45600,"comment_status":"open","ping_status":"closed","sticky":false,"template":"","format":"standard","meta":{"footnotes":""},"categories":[56],"tags":[],"class_list":["post-67439","post","type-post","status-publish","format-standard","has-post-thumbnail","hentry","category-societats-musicals"],"_links":{"self":[{"href":"https:\/\/fsmcv.org\/vl\/wp-json\/wp\/v2\/posts\/67439","targetHints":{"allow":["GET"]}}],"collection":[{"href":"https:\/\/fsmcv.org\/vl\/wp-json\/wp\/v2\/posts"}],"about":[{"href":"https:\/\/fsmcv.org\/vl\/wp-json\/wp\/v2\/types\/post"}],"author":[{"embeddable":true,"href":"https:\/\/fsmcv.org\/vl\/wp-json\/wp\/v2\/users\/17"}],"replies":[{"embeddable":true,"href":"https:\/\/fsmcv.org\/vl\/wp-json\/wp\/v2\/comments?post=67439"}],"version-history":[{"count":0,"href":"https:\/\/fsmcv.org\/vl\/wp-json\/wp\/v2\/posts\/67439\/revisions"}],"wp:featuredmedia":[{"embeddable":true,"href":"https:\/\/fsmcv.org\/vl\/wp-json\/wp\/v2\/media\/45600"}],"wp:attachment":[{"href":"https:\/\/fsmcv.org\/vl\/wp-json\/wp\/v2\/media?parent=67439"}],"wp:term":[{"taxonomy":"category","embeddable":true,"href":"https:\/\/fsmcv.org\/vl\/wp-json\/wp\/v2\/categories?post=67439"},{"taxonomy":"post_tag","embeddable":true,"href":"https:\/\/fsmcv.org\/vl\/wp-json\/wp\/v2\/tags?post=67439"}],"curies":[{"name":"wp","href":"https:\/\/api.w.org\/{rel}","templated":true}]}}