{"id":67456,"date":"2023-07-12T13:43:09","date_gmt":"2023-07-12T11:43:09","guid":{"rendered":"https:\/\/fsmcv.org\/certamens\/comenca-la-135-edicio-del-certamen-internacional-de-bandes-de-musica-ciutat-de-valencia\/"},"modified":"2023-07-12T13:47:24","modified_gmt":"2023-07-12T11:47:24","slug":"comenca-la-135-edicio-del-certamen-internacional-de-bandes-de-musica-ciutat-de-valencia","status":"publish","type":"post","link":"https:\/\/fsmcv.org\/vl\/convocatories-publiques\/comenca-la-135-edicio-del-certamen-internacional-de-bandes-de-musica-ciutat-de-valencia\/","title":{"rendered":"Comen\u00e7a la 135 edici\u00f3 del Certamen Internacional de Bandes de M\u00fasica \u201cCiutat de Val\u00e8ncia\u201d"},"content":{"rendered":"\n<p>L\u2019Auditori del Palau de les Arts acollir\u00e0 este prestigi\u00f3s encontre musical fins al 16 de juliol<\/p>\n\n<p><strong>La 135 edici\u00f3 del Certamen Internacional de Bandes de M\u00fasica \u201cCiutat de Val\u00e8ncia\u201d enceta este dimecres amb l\u2019actuaci\u00f3 de les societats musicals que competiran en la secci\u00f3 tercera d\u2019este prestigi\u00f3s encontre musical. L\u2019Auditori del Palau de les Arts ser\u00e0 l\u2019escenari que acollir\u00e0 fins al 16 de juliol l\u2019actuaci\u00f3 de les bandes de m\u00fasica que concursaran de la Comunitat Valenciana, de la resta d\u2019Espanya i internacionals de Portugal i Col\u00f2mbia. A m\u00e9s, des de dilluns passat s\u2019est\u00e0 desenvolupant el precertamen pels barris i pobles de la ciutat.<\/strong><\/p>\n\n<p>A este prestigi\u00f3s encontre musical s\u2019han inscrit 16 bandes, de les quals dos s\u00f3n de Portugal, una de Col\u00f2mbia, 10 de la Comunitat Valenciana i d\u2019altres 3 de Mallorca, Terol i Madrid. A m\u00e9s, com a bandes convidades, hi ha 7 de la Comunitat Valenciana, entre les quals l\u2019Ensemble de Flautes de Val\u00e8ncia, a m\u00e9s de la Banda Municipal de M\u00fasica de Badajoz. Com a colof\u00f3 actuar\u00e0 la Banda Simf\u00f2nica Municipal de Val\u00e8ncia, dirigida per Miquel Rodrigo Tamarit.<\/p>\n\n<p>El dia gran ser\u00e0 diumenge 16 quan concursaran, en la secci\u00f3 d\u2019honor, la Uni\u00f3 Musical de Godelleta, Uni\u00f3 Musical de Torrent, Asociaci\u00f3n M\u00fasico-Cultural \u201cLa Lira de Pozuelo\u201d (Madrid) i Societat Uni\u00f3 Musical d\u2019Alberic. Per\u00f2 el certamen comen\u00e7a este dimecres 12, amb la secci\u00f3 tercera i la participaci\u00f3, a partir de les 17:00 hores, de les bandes seg\u00fcents (per ordre d\u2019actuaci\u00f3): la Banda Sinf\u00f3nica Especial Escuela de M\u00fasica de Bello (Col\u00f2mbia), Asociaci\u00f3n Musical Lira Alca\u00f1izana (Arag\u00f3), Societat Musical Amics de la M\u00fasica de Benifaraig, Societat Uni\u00f3 Musical de Polop de la Marina i Uni\u00f3 Musical d\u2019Alg\u00edmia.<\/p>\n\n<p>Les obres obligades d\u2019esta secci\u00f3 s\u00f3n \u201cImpulse Engine\u201d de Carolyn Bremer i \u201cEl Baile de Luis Alonso\u201d de Ger\u00f3nimo Gim\u00e9nez, amb arranjaments de Jos\u00e9 Luis Represas, en commemoraci\u00f3 del centenari de la mort del compositor. A m\u00e9s, hi participar\u00e0 com a ensemble convidat en esta secci\u00f3 la Brass Band ESMAR de Val\u00e8ncia, dirigida per Luis Gimeno P\u00e9rez i amb la participaci\u00f3 del trompeta Rub\u00e9n Marqu\u00e9s.<\/p>\n\n<p>Dijous 13, a les 17:00 hores, concursaran en la secci\u00f3 segona l\u2019Associaci\u00f3 Banda de M\u00fasica de Manacor (Illes Balears), Centre Art\u00edstic Cultural \u201cVerge de la Pau\u201d d\u2019Agost, Agrupaci\u00f3 Musical d\u2019Agullent i Sociedade Musical de Pevid\u00e9m (Portugal).<\/p>\n\n<p>Dissabte 15, a les 17:00 hores, arriba l\u2019hora de la secci\u00f3 primera en la qual participaran la Societat Musical \u201cLa Primitiva\u201d de Rafelbunyol, Associa\u00e7\u00e3o Recreativa e Musical Amigos da Branca (Portugal) i Societat Filharm\u00f2nica Alteanense.<\/p>\n\n<p>El jurat del CIBM est\u00e0 format per Francisco Javier Guti\u00e9rrez Juan, director titular de la Banda Sinf\u00f3nica Municipal de Sevilla; Beatriz Arzamendi Ceciaga, compositora i directora d\u2019orquestra; Carlos Riazuelo, director d\u2019orquestra de Vene\u00e7uela; Sara Ramos Contioso, catedr\u00e0tica de composici\u00f3; i Alberto Roque, director de banda i professor i Coordinador del P\u00f3s-Gradua\u00e7\u00e3o em Dire\u00e7\u00e3o de Bandas e Ensembles de Sopros da ESECS a l\u2019Institut Polit\u00e8cnic de Leiria, Portugal.<\/p>\n\n<p>Enguany, el certamen es retransmetr\u00e0 en directe per mitj\u00e0 de la p\u00e0gina web <a href=\"http:\/\/www.cibm-valencia.com\" target=\"_blank\" rel=\"noopener\">http:\/\/www.cibm-valencia.com<\/a>, on tamb\u00e9 es pot consultar tota la informaci\u00f3 de l\u2019encontre.<\/p>\n\n<p><strong>M\u00fasica als barris<\/strong><\/p>\n\n<p>Un any m\u00e9s, el precertamen s\u2019est\u00e0 desenvolupant pels carrers i pobles de Val\u00e8ncia, des d\u2019este dilluns, que va actuar la Uni\u00f3 Musical del Centre Hist\u00f2ric de Val\u00e8ncia en el carrer d\u2019Eug\u00e8nia Vi\u00f1es, a Les Arenes. Este dimarts, a les 20:00 hores, la Banda Juvenil del Centre Art\u00edstic Musical de Moncada actuar\u00e0 al Mercat de Col\u00f3n mentre que, a les 22:30 hores, la Banda Juvenil de la Societat Musical Lira Castellonera ho far\u00e0 a la pla\u00e7a de la Mare de D\u00e9u. Per \u00faltim, divendres, 14 de juliol, a les 20:00 hores, l\u2019Associaci\u00f3 Cultural Quart Jazz actuar\u00e0 a la pla\u00e7a de Vicente Gil Ros de Carpesa.<\/p>\n\n<figure class=\"wp-block-image size-full\"><img fetchpriority=\"high\" decoding=\"async\" width=\"800\" height=\"534\" src=\"https:\/\/fsmcv.org\/wp-content\/uploads\/2023\/07\/CIMB-2023.jpg\" alt=\"\" class=\"wp-image-67453\" title=\"\" srcset=\"https:\/\/fsmcv.org\/wp-content\/uploads\/2023\/07\/CIMB-2023.jpg 800w, https:\/\/fsmcv.org\/wp-content\/uploads\/2023\/07\/CIMB-2023-768x513.jpg 768w, https:\/\/fsmcv.org\/wp-content\/uploads\/2023\/07\/CIMB-2023-391x260.jpg 391w, https:\/\/fsmcv.org\/wp-content\/uploads\/2023\/07\/CIMB-2023-600x401.jpg 600w\" sizes=\"(max-width: 800px) 100vw, 800px\" \/><\/figure>","protected":false},"excerpt":{"rendered":"<p>L\u2019Auditori del Palau de les Arts acollir\u00e0 este prestigi\u00f3s encontre musical fins al 16 de juliol La 135 edici\u00f3 del Certamen Internacional de Bandes de M\u00fasica \u201cCiutat de Val\u00e8ncia\u201d enceta este dimecres amb l\u2019actuaci\u00f3 de les societats musicals que competiran en la secci\u00f3 tercera d\u2019este prestigi\u00f3s encontre musical. L\u2019Auditori del Palau de les Arts ser\u00e0 [&hellip;]<\/p>\n","protected":false},"author":17,"featured_media":67454,"comment_status":"open","ping_status":"closed","sticky":false,"template":"","format":"standard","meta":{"footnotes":""},"categories":[45],"tags":[],"class_list":["post-67456","post","type-post","status-publish","format-standard","has-post-thumbnail","hentry","category-convocatories-publiques"],"_links":{"self":[{"href":"https:\/\/fsmcv.org\/vl\/wp-json\/wp\/v2\/posts\/67456","targetHints":{"allow":["GET"]}}],"collection":[{"href":"https:\/\/fsmcv.org\/vl\/wp-json\/wp\/v2\/posts"}],"about":[{"href":"https:\/\/fsmcv.org\/vl\/wp-json\/wp\/v2\/types\/post"}],"author":[{"embeddable":true,"href":"https:\/\/fsmcv.org\/vl\/wp-json\/wp\/v2\/users\/17"}],"replies":[{"embeddable":true,"href":"https:\/\/fsmcv.org\/vl\/wp-json\/wp\/v2\/comments?post=67456"}],"version-history":[{"count":0,"href":"https:\/\/fsmcv.org\/vl\/wp-json\/wp\/v2\/posts\/67456\/revisions"}],"wp:featuredmedia":[{"embeddable":true,"href":"https:\/\/fsmcv.org\/vl\/wp-json\/wp\/v2\/media\/67454"}],"wp:attachment":[{"href":"https:\/\/fsmcv.org\/vl\/wp-json\/wp\/v2\/media?parent=67456"}],"wp:term":[{"taxonomy":"category","embeddable":true,"href":"https:\/\/fsmcv.org\/vl\/wp-json\/wp\/v2\/categories?post=67456"},{"taxonomy":"post_tag","embeddable":true,"href":"https:\/\/fsmcv.org\/vl\/wp-json\/wp\/v2\/tags?post=67456"}],"curies":[{"name":"wp","href":"https:\/\/api.w.org\/{rel}","templated":true}]}}