{"id":675,"date":"2016-06-10T17:24:45","date_gmt":"2016-06-10T15:24:45","guid":{"rendered":"http:\/\/fsmcv.org\/?post_type=fsmcv-noticias&#038;p=675"},"modified":"2020-09-27T18:20:59","modified_gmt":"2020-09-27T18:20:59","slug":"dins-del-cicle-a-poqueta-nit-concert-de-la-unio-musical-lhorta-de-sant-marcel%c2%b7li-a-la-rambleta","status":"publish","type":"post","link":"https:\/\/fsmcv.org\/vl\/noticies-campanyes\/musica-a-la-llum\/dins-del-cicle-a-poqueta-nit-concert-de-la-unio-musical-lhorta-de-sant-marcel%c2%b7li-a-la-rambleta\/","title":{"rendered":"Dins del cicle &#8220;A poqueta nit&#8221;, concert de la Uni\u00f3 Musical l&#8217;Horta de Sant Marcel\u00b7l\u00ed, a la Rambleta"},"content":{"rendered":"<p>Divendres que ve 10 de juny, a l&#8217;Espai la Rambleta i dins del cicle &#8220;A poqueta nit&#8221;, concert de la Uni\u00f3 Musical l&#8217;Horta de Sant Marcel\u00b7l\u00ed, a les 23.00 h&#8230; Una xicoteta hist\u00f2ria del rock des de 1940 fins a 1990.<\/p>\n<p>El Rock \u00e9s un terme ampli que agrupa una significativa varietat de g\u00e8neres musicals. La seua forma origin\u00e0ria, coneguda com a Rock and Roll, va sorgir b\u00e0sicament de la combinaci\u00f3 de dos g\u00e8neres: el Rhythm &amp;;amp;amp;amp;amp;amp; Blues i el Country, per\u00f2 la m\u00fasica Rock tamb\u00e9 es va nodrir del Blues i del Folk, i fins i tot t\u00e9 influ\u00e8ncies del Jazz, la m\u00fasica Cl\u00e0ssica i altres fonts.<\/p>\n<p>No hi ha una sola hist\u00f2ria de la m\u00fasica Rock. Hi ha moltes. Cadascun tenim la nostra. La de les can\u00e7ons i els grups que ens van servir d&#8217;inspiraci\u00f3 per a tot, per a cr\u00e9ixer, per a somiar, per a ballar, per a besar&#8230; Qui no va tenir una can\u00e7\u00f3 favorita?, qui no va voler imitar el pentinat d&#8217;aquell cantant?, qui no va somiar a tocar la guitarra, la bateria, el baix?<\/p>\n<p>La hist\u00f2ria del Rock \u00e9s la hist\u00f2ria de cadascun de nosaltres i dels \u00e8xits que ens han anat acompanyant al llarg de la vida. Gens t\u00e9 el poder revitalitzant d&#8217;aqueix &#8220;temazo&#8221; que et posa les piles quan sona. I gens t\u00e9 la m\u00e0gia d&#8217;escoltar la m\u00fasica Rock en directe.<\/p>\n<p>Vine el dia 10 de juny a l&#8217;Espai La RAMBLETA i reviu amb:<\/p>\n<p>PAT AND THE BONES , EL BLUES I EL ROCK DELS 40 FINS Als 60<\/p>\n<p>AMB SINPERDON, HIST\u00d2RIA DEL ROCK.DE ELS 70 Als 90,<\/p>\n<p>Recorda, entrada lliure.<\/p>\n","protected":false},"excerpt":{"rendered":"<p>Una xicoteta hist\u00f2ria del rock des de 1940 fins a 1990<\/p>\n","protected":false},"author":2,"featured_media":0,"comment_status":"closed","ping_status":"closed","sticky":false,"template":"","format":"standard","meta":{"footnotes":""},"categories":[10],"tags":[],"class_list":["post-675","post","type-post","status-publish","format-standard","hentry","category-musica-a-la-llum"],"_links":{"self":[{"href":"https:\/\/fsmcv.org\/vl\/wp-json\/wp\/v2\/posts\/675","targetHints":{"allow":["GET"]}}],"collection":[{"href":"https:\/\/fsmcv.org\/vl\/wp-json\/wp\/v2\/posts"}],"about":[{"href":"https:\/\/fsmcv.org\/vl\/wp-json\/wp\/v2\/types\/post"}],"author":[{"embeddable":true,"href":"https:\/\/fsmcv.org\/vl\/wp-json\/wp\/v2\/users\/2"}],"replies":[{"embeddable":true,"href":"https:\/\/fsmcv.org\/vl\/wp-json\/wp\/v2\/comments?post=675"}],"version-history":[{"count":0,"href":"https:\/\/fsmcv.org\/vl\/wp-json\/wp\/v2\/posts\/675\/revisions"}],"wp:attachment":[{"href":"https:\/\/fsmcv.org\/vl\/wp-json\/wp\/v2\/media?parent=675"}],"wp:term":[{"taxonomy":"category","embeddable":true,"href":"https:\/\/fsmcv.org\/vl\/wp-json\/wp\/v2\/categories?post=675"},{"taxonomy":"post_tag","embeddable":true,"href":"https:\/\/fsmcv.org\/vl\/wp-json\/wp\/v2\/tags?post=675"}],"curies":[{"name":"wp","href":"https:\/\/api.w.org\/{rel}","templated":true}]}}