{"id":67909,"date":"2023-07-20T11:06:33","date_gmt":"2023-07-20T09:06:33","guid":{"rendered":"https:\/\/fsmcv.org\/certamens\/la-societat-lirica-i-musical-de-benissa-presenta-lespectacle-nino-bravo-in-memoriam-el-dissabte-29-de-juliol-de-2023\/"},"modified":"2023-07-20T11:09:23","modified_gmt":"2023-07-20T09:09:23","slug":"la-societat-lirica-i-musical-de-benissa-presenta-lespectacle-nino-bravo-in-memoriam-el-dissabte-29-de-juliol-de-2023","status":"publish","type":"post","link":"https:\/\/fsmcv.org\/vl\/societats-musicals\/la-societat-lirica-i-musical-de-benissa-presenta-lespectacle-nino-bravo-in-memoriam-el-dissabte-29-de-juliol-de-2023\/","title":{"rendered":"LA SOCIETAT L\u00cdRICA I MUSICAL DE BENISSA PRESENTA L\u2019ESPECTACLE NINO BRAVO IN MEMORIAM EL DISSABTE 29 DE JULIOL DE 2023"},"content":{"rendered":"\n<p><em>La Societat L\u00edrica i Musical de Benissa prepara l\u2019espectacle simf\u00f2nic \u201cNino Bravo in Memoriam\u201d en conmemoraci\u00f3 del 50\u00e9 aniversari de la mort del cantant. La representaci\u00f3 tindr\u00e0 lloc el dissabte 29 de juliol a les 23h a la Pla\u00e7a Dolores Piera a Benissa. La funci\u00f3 comptar\u00e0 amb cantants professionals i un xou de llums i so que faran gaudir aquells amants de la m\u00fasica de Nino Bravo i tamb\u00e9 aquell p\u00fablic m\u00e9s jove.<\/em><\/p>\n\n<p>BENISSA, 20 de juliol de 2023. L\u2019agrupaci\u00f3 dirigida per Miguel \u00c0ngel Grau Mart\u00ednez prepara com a tancament del curs band\u00edstic un espectacle que no deixar\u00e0 indiferent a ning\u00fa Aquest any es celebra el 50\u00e9 aniversari de la mort del cantant d\u2019Aielo de Malferit, Nino Bravo, i la Banda de Benissa no podia deixar passar l\u2019oportunitat de preparar-li un homenatge. Amb l\u2019ambici\u00f3 que els caracteritza i amb l\u2019objectiu de seguir marcant-se reptes musicals, estan preparant una grandiosa posada en escena al m\u00e9s pur estil orquestra d\u2019espectacles, amb equip de so, llums i video que repassaran la vida del m\u00edtic cantant valenci\u00e0.<\/p>\n\n<p>La banda comptar\u00e0 en aquesta ocasi\u00f3 amb tres cantants de reconegut prestigi des de l\u2019empresa d\u2019esdeveniments i produccions, \u2018GARPE MUSIC\u2019: Felipe Garpe, Sheila Garcia i Fran Vianna, qui versionaran temes tan coneguts com Noelia, Un beso y una flor o Libre, i d\u2019altres menys interpretats com Mi tierra o Esa ser\u00e1 mi casa, fins a un total de 17 can\u00e7ons. Com no podia ser d\u2019altra manera, aniran acompanyats dels components de la Societat L\u00edrica i Musical de Benissa i d\u2019altres instruments el\u00e8ctrics com el piano i el baix. Amb un programa realment entretingut, es far\u00e0 un rep\u00e0s de la discografia del cantant i de les peces que van marcar la seua traject\u00f2ria.<\/p>\n\n<p>Aix\u00ed doncs, aquest espectacle tindr\u00e0 lloc el dissabte 29 de juliol de 2023 a les 23h enfront la fa\u00e7ana de la Bas\u00edlica de la Pur\u00edssima Xiqueta, a Benissa. L\u2019espectacle \u00e9s d\u2019acc\u00e9s lliure i no t\u00e9 aforament limitat.<\/p>\n\n<p>Des de la Societat L\u00edrica i Musical de Benissa es vol convidar a assistir a la gent de Benissa i de les comarques ve\u00efnes a l\u2019espectacle de Nino Bravo in Memoriam; una actuaci\u00f3 que, sens dubte, far\u00e0 disfrutar als assistents i passar una estona d\u2019all\u00f2 m\u00e9s divertida mentre es comparteix la passi\u00f3 per la m\u00fasica.<\/p>\n","protected":false},"excerpt":{"rendered":"<p>La Societat L\u00edrica i Musical de Benissa prepara l\u2019espectacle simf\u00f2nic \u201cNino Bravo in Memoriam\u201d en conmemoraci\u00f3 del 50\u00e9 aniversari de la mort del cantant. La representaci\u00f3 tindr\u00e0 lloc el dissabte 29 de juliol a les 23h a la Pla\u00e7a Dolores Piera a Benissa. La funci\u00f3 comptar\u00e0 amb cantants professionals i un xou de llums i [&hellip;]<\/p>\n","protected":false},"author":17,"featured_media":67907,"comment_status":"open","ping_status":"closed","sticky":false,"template":"","format":"standard","meta":{"footnotes":""},"categories":[56],"tags":[],"class_list":["post-67909","post","type-post","status-publish","format-standard","has-post-thumbnail","hentry","category-societats-musicals"],"_links":{"self":[{"href":"https:\/\/fsmcv.org\/vl\/wp-json\/wp\/v2\/posts\/67909","targetHints":{"allow":["GET"]}}],"collection":[{"href":"https:\/\/fsmcv.org\/vl\/wp-json\/wp\/v2\/posts"}],"about":[{"href":"https:\/\/fsmcv.org\/vl\/wp-json\/wp\/v2\/types\/post"}],"author":[{"embeddable":true,"href":"https:\/\/fsmcv.org\/vl\/wp-json\/wp\/v2\/users\/17"}],"replies":[{"embeddable":true,"href":"https:\/\/fsmcv.org\/vl\/wp-json\/wp\/v2\/comments?post=67909"}],"version-history":[{"count":0,"href":"https:\/\/fsmcv.org\/vl\/wp-json\/wp\/v2\/posts\/67909\/revisions"}],"wp:featuredmedia":[{"embeddable":true,"href":"https:\/\/fsmcv.org\/vl\/wp-json\/wp\/v2\/media\/67907"}],"wp:attachment":[{"href":"https:\/\/fsmcv.org\/vl\/wp-json\/wp\/v2\/media?parent=67909"}],"wp:term":[{"taxonomy":"category","embeddable":true,"href":"https:\/\/fsmcv.org\/vl\/wp-json\/wp\/v2\/categories?post=67909"},{"taxonomy":"post_tag","embeddable":true,"href":"https:\/\/fsmcv.org\/vl\/wp-json\/wp\/v2\/tags?post=67909"}],"curies":[{"name":"wp","href":"https:\/\/api.w.org\/{rel}","templated":true}]}}