{"id":6801,"date":"2017-11-14T15:59:40","date_gmt":"2017-11-14T14:59:40","guid":{"rendered":"https:\/\/fsmcv.org\/?post_type=fsmcv-noticias&#038;p=6801"},"modified":"2021-03-29T19:09:53","modified_gmt":"2021-03-29T17:09:53","slug":"cultura-inicia-tramits-declarar-bic-tradicio-musical-popular-societats-musicals","status":"publish","type":"post","link":"https:\/\/fsmcv.org\/vl\/societats-musicals\/cultura-inicia-tramits-declarar-bic-tradicio-musical-popular-societats-musicals\/","title":{"rendered":"Cultura inicia els tr\u00e0mits per a declarar BIC la Tradici\u00f3 Musical popular de les Societats Musicals"},"content":{"rendered":"<p>La direcci\u00f3 general de Cultura i Patrimoni ha iniciat els tr\u00e0mits per a declarar B\u00e9 d&#8217;Inter\u00e8s Cultural la Tradici\u00f3 Musical popular materialitzada per les Societats Musicals de la Comunitat Valenciana.<\/p>\n<p>En la comissi\u00f3 t\u00e8cnica per a l&#8217;estudi inventari del Patrimoni Immaterial que s&#8217;ha reunit hui s&#8217;ha pres la decisi\u00f3 d&#8217;iniciar el proc\u00e9s de recon\u00e8ixer BIC a les Societats Musicals i la seua tasca com a agents de conservaci\u00f3 i potenciaci\u00f3 del patrimoni cultural de les tradicions musicals i art\u00edstiques valencianes al llarg de la hist\u00f2ria.<\/p>\n<p>La tradici\u00f3 musical popular de la Comunitat Valenciana est\u00e0 materialitzada principalment per les Societats Musicals que s\u00f3n entitats de car\u00e0cter privat sense \u00e0nim de lucre i amb una massa social, constitu\u00efdes legalment i inscrites en un registre p\u00fablic, i atenent a l&#8217;article 45 de la Llei 5\/2007 del Patrimoni Cultural Valenci\u00e0, les Societats Musicals constitueixen una de les manifestacions m\u00e9s representatives de la cultura i formes de vida tradicionals dels valencians mitjan\u00e7ant l&#8217;expressi\u00f3 musical.<\/p>\n<p>A m\u00e9s, les Societats Musicals estan implicades en les manifestacions culturals que es desenvolupen al llarg de l&#8217;any i algunes compten amb escoles de m\u00fasica realitzant una labor de formaci\u00f3.<\/p>\n<p>L&#8217;\u00e0mbit geogr\u00e0fic de la declaraci\u00f3 del BIC s&#8217;est\u00e9n a tot el territori i a totes les Societats Musicals constitu\u00efdes per m\u00fasics, socis i persones simpatitzants del municipi on radica la societat musical.<\/p>\n<p>La candidatura ha sigut presentada per la Federaci\u00f3 de Societats Musicals de la Comunitat Valenciana i a partir d&#8217;ara es treballar\u00e0 en la redacci\u00f3 de l&#8217;expedient per a incoar la declaraci\u00f3 que ser\u00e0 publicada en el DOGV i posteriorment es rebran els informes dels \u00f2rgans consultius i interessats en el procediment.<\/p>\n","protected":false},"excerpt":{"rendered":"<p>La decisi\u00f3 s&#8217;ha adoptat en la comissi\u00f3 t\u00e8cnica per a l&#8217;estudi inventari del Patrimoni Immaterial.<\/p>\n","protected":false},"author":2,"featured_media":0,"comment_status":"closed","ping_status":"closed","sticky":false,"template":"","format":"standard","meta":{"footnotes":""},"categories":[56],"tags":[],"class_list":["post-6801","post","type-post","status-publish","format-standard","hentry","category-societats-musicals"],"_links":{"self":[{"href":"https:\/\/fsmcv.org\/vl\/wp-json\/wp\/v2\/posts\/6801","targetHints":{"allow":["GET"]}}],"collection":[{"href":"https:\/\/fsmcv.org\/vl\/wp-json\/wp\/v2\/posts"}],"about":[{"href":"https:\/\/fsmcv.org\/vl\/wp-json\/wp\/v2\/types\/post"}],"author":[{"embeddable":true,"href":"https:\/\/fsmcv.org\/vl\/wp-json\/wp\/v2\/users\/2"}],"replies":[{"embeddable":true,"href":"https:\/\/fsmcv.org\/vl\/wp-json\/wp\/v2\/comments?post=6801"}],"version-history":[{"count":0,"href":"https:\/\/fsmcv.org\/vl\/wp-json\/wp\/v2\/posts\/6801\/revisions"}],"wp:attachment":[{"href":"https:\/\/fsmcv.org\/vl\/wp-json\/wp\/v2\/media?parent=6801"}],"wp:term":[{"taxonomy":"category","embeddable":true,"href":"https:\/\/fsmcv.org\/vl\/wp-json\/wp\/v2\/categories?post=6801"},{"taxonomy":"post_tag","embeddable":true,"href":"https:\/\/fsmcv.org\/vl\/wp-json\/wp\/v2\/tags?post=6801"}],"curies":[{"name":"wp","href":"https:\/\/api.w.org\/{rel}","templated":true}]}}