{"id":68032,"date":"2023-07-28T09:05:58","date_gmt":"2023-07-28T07:05:58","guid":{"rendered":"https:\/\/fsmcv.org\/certamens\/concert-campanya-excel%c2%b7lent-2023\/"},"modified":"2024-01-16T12:39:49","modified_gmt":"2024-01-16T11:39:49","slug":"concert-campanya-excel%c2%b7lent-2023","status":"publish","type":"post","link":"https:\/\/fsmcv.org\/vl\/societats-musicals\/concert-campanya-excel%c2%b7lent-2023\/","title":{"rendered":"CONCERT CAMPANYA EXCEL\u00b7LENT 2023"},"content":{"rendered":"\n<p>El proper dissabte 29 de juliol a les 20.30 hores tindr\u00e0 lloc a la pla\u00e7a Sant Francesc de Borja (Pla\u00e7a de l\u2019Esgl\u00e9sia) d\u2019Ador un nou concert a c\u00e0rrec de l\u2019Agrupaci\u00f3 Musical Santa Cec\u00edlia d\u2019Ador (AMSCA) emmarcat dins la campanya Excel\u00b7lent de M\u00fasica promocionada per l\u2019Excel\u00b7lent\u00edssima Diputaci\u00f3 de Val\u00e8ncia.<\/p>\n\n<p>En aquesta ocasi\u00f3 l\u2019AMSCA oferir\u00e0 l\u2019espectacle \u201cRecordando a Nino\u201d en commemoraci\u00f3 del 50\u00e9 aniversari de la mort del gran cantant valenci\u00e0 Nino Bravo. Juntament amb els cantants Aurelio C\u00e1mara i Jos\u00e9 Valhondo, l\u2019AMSCA interpretar\u00e0 una selecci\u00f3 de les can\u00e7ons m\u00e9s conegudes que va interpretar Nino Bravo amb un espectacle realitzat per la productora Infinity.<\/p>\n\n<p>Sense dubte ser\u00e0 una bona ocasi\u00f3 per tornar a escoltar aquestes meravelloses can\u00e7ons per les quals no ha passat el temps i formen part del repertori cl\u00e0ssic de la m\u00fasica<br\/>lleugera.<\/p>\n","protected":false},"excerpt":{"rendered":"<p>El proper dissabte 29 de juliol a les 20.30 hores tindr\u00e0 lloc a la pla\u00e7a Sant Francesc de Borja (Pla\u00e7a de l\u2019Esgl\u00e9sia) d\u2019Ador un nou concert a c\u00e0rrec de l\u2019Agrupaci\u00f3 Musical Santa Cec\u00edlia d\u2019Ador (AMSCA) emmarcat dins la campanya Excel\u00b7lent de M\u00fasica promocionada per l\u2019Excel\u00b7lent\u00edssima Diputaci\u00f3 de Val\u00e8ncia. En aquesta ocasi\u00f3 l\u2019AMSCA oferir\u00e0 l\u2019espectacle \u201cRecordando [&hellip;]<\/p>\n","protected":false},"author":17,"featured_media":68028,"comment_status":"open","ping_status":"closed","sticky":false,"template":"","format":"standard","meta":{"footnotes":""},"categories":[56],"tags":[],"class_list":["post-68032","post","type-post","status-publish","format-standard","has-post-thumbnail","hentry","category-societats-musicals"],"_links":{"self":[{"href":"https:\/\/fsmcv.org\/vl\/wp-json\/wp\/v2\/posts\/68032","targetHints":{"allow":["GET"]}}],"collection":[{"href":"https:\/\/fsmcv.org\/vl\/wp-json\/wp\/v2\/posts"}],"about":[{"href":"https:\/\/fsmcv.org\/vl\/wp-json\/wp\/v2\/types\/post"}],"author":[{"embeddable":true,"href":"https:\/\/fsmcv.org\/vl\/wp-json\/wp\/v2\/users\/17"}],"replies":[{"embeddable":true,"href":"https:\/\/fsmcv.org\/vl\/wp-json\/wp\/v2\/comments?post=68032"}],"version-history":[{"count":0,"href":"https:\/\/fsmcv.org\/vl\/wp-json\/wp\/v2\/posts\/68032\/revisions"}],"wp:featuredmedia":[{"embeddable":true,"href":"https:\/\/fsmcv.org\/vl\/wp-json\/wp\/v2\/media\/68028"}],"wp:attachment":[{"href":"https:\/\/fsmcv.org\/vl\/wp-json\/wp\/v2\/media?parent=68032"}],"wp:term":[{"taxonomy":"category","embeddable":true,"href":"https:\/\/fsmcv.org\/vl\/wp-json\/wp\/v2\/categories?post=68032"},{"taxonomy":"post_tag","embeddable":true,"href":"https:\/\/fsmcv.org\/vl\/wp-json\/wp\/v2\/tags?post=68032"}],"curies":[{"name":"wp","href":"https:\/\/api.w.org\/{rel}","templated":true}]}}