{"id":6804,"date":"2017-11-14T17:05:13","date_gmt":"2017-11-14T16:05:13","guid":{"rendered":"https:\/\/fsmcv.org\/?post_type=fsmcv-noticias&#038;p=6804"},"modified":"2021-03-29T19:09:42","modified_gmt":"2021-03-29T17:09:42","slug":"ivc-bankia-fsmcv-presentan-alcoy-programa-musica-la-llum-recuperar-patrimonio-sociedades-musicales-comunidad-valenciana","status":"publish","type":"post","link":"https:\/\/fsmcv.org\/vl\/certamens\/ivc-bankia-fsmcv-presentan-alcoy-programa-musica-la-llum-recuperar-patrimonio-sociedades-musicales-comunidad-valenciana\/","title":{"rendered":"L&#8217;IVC, Bankia i la FSMCV presenten a Alcoi el programa &#8216;M\u00fasica a la llum&#8217; per a recuperar el gran patrimoni que guarden les Societats Musicals de la Comunitat Valenciana"},"content":{"rendered":"<p>L&#8217;Institut Valenci\u00e0 de Cultura, Bankia i la Federaci\u00f3 de Societats Musicals de la Comunitat Valenciana (FSMCV) han presentat a la ciutat d&#8217;Alcoi el programa &#8216;M\u00fasica a la llum&#8217;.<\/p>\n<p>A aquesta presentaci\u00f3 han assistit el secretari auton\u00f2mic de Cultura, Albert Girona; l&#8217;alcalde d&#8217;Alcoi, Toni Franc\u00e9s; la coordinadora de la Direcci\u00f3 General de Comunicaci\u00f3 i Relacions Externes de Bankia a la Comunitat Valenciana, Isabel Rubio; el president provincial d&#8217;Alacant de la FSMCV, Ram\u00f3n M\u00e1s Soler; el president de la Societat Musical Nova d&#8217;Alcoi, Jos\u00e9 Antonio Llinares; la directora adjunta de M\u00fasica i Cultura Popular de l&#8217;IVC, Marga Landete, i el president comarcal del Comtat-l&#8217;Alcoi\u00e0, Jos\u00e9 Miguel Pascual Belvis.<\/p>\n<p>En paraules del secretari auton\u00f2mic, &#8220;\u00e9s una satisfacci\u00f3 per a la Generalitat presentar a Alcoi el lloc web de &#8216;M\u00fasica a la llum&#8217;, un web que pret\u00e9n recuperar el gran patrimoni que guarden les societats musicals de la Comunitat Valenciana, per a divulgar i fer accessible la cultura musical que durant tants anys han guardat als seus arxius aquestes institucions&#8221;.<\/p>\n<p>El programa &#8216;M\u00fasica a la llum&#8217;, patrocinat per Bankia i organitzat per l&#8217;Institut Valenci\u00e0 de Cultura i la Federaci\u00f3 de Societats Musicals de la Comunitat Valenciana, pret\u00e9n valorar i difondre el patrimoni cultural custodiat pels arxius de les societats musicals de la Comunitat Valenciana.<\/p>\n<p>&#8216;M\u00fasica a la llum&#8217;, que forma part del projecte &#8216;Bankia escolta Val\u00e8ncia&#8217;, descriur\u00e0 la documentaci\u00f3 emmagatzemada en els arxius de les societats musicals (partitures, fotografies, instruments, arxiu administratiu, etc) per a posar-la a la disposici\u00f3 de tots els interessats en un lloc web (<a href=\"http:\/\/www.musicaalallum.es\" target=\"_blank\" rel=\"noopener noreferrer\">www.musicaalallum.es<\/a>) que facilitar\u00e0 la visibilitat i recerca d&#8217;aquest ric patrimoni. &#8216;M\u00fasica a la llum&#8217; tamb\u00e9 est\u00e0 activa a les xarxes socials (<a href=\"https:\/\/www.facebook.com\/musicaalallum\" target=\"_blank\" rel=\"noopener noreferrer\">facebook.com\/musicaalallum<\/a>).<\/p>\n<p>&#8216;M\u00fasica a la llum&#8217; compta amb la col\u00b7laboraci\u00f3 d&#8217;un equip de music\u00f2legs de l&#8217;Associaci\u00f3 Valenciana de Musicologia (Avamus) i d&#8217;un equip de documentalistes membres del Col\u00b7legi Oficial de Bibliotecaris i Documentalistes de la Comunitat Valenciana.<\/p>\n<p><img fetchpriority=\"high\" decoding=\"async\" class=\"aligncenter size-large wp-image-6814\" src=\"https:\/\/fsmcv.org\/BTnet-storage\/wp-uploads\/2017\/11\/IMG_1382-1024x682.png\" alt=\"\" width=\"1024\" height=\"682\" title=\"\"><\/p>\n<p style=\"text-align: center;\"><em>El president provincial d\u2019Alacant de la FSMCV, Ram\u00f3n M\u00e1s Soler.<\/em><\/p>\n<h4>Col\u00b7laboraci\u00f3 amb la Societat Musical Nova d&#8217;Alcoi<\/h4>\n<p>El projecte es presenta a Alcoi, ja que &#8216;M\u00fasica a la llum&#8217; ha arribat a un acord amb la Societat Musical Nova d&#8217;Alcoi, amb motiu del seu cent setanta-cinqu\u00e9 aniversari, per a catalogar i digitalitzar el seu arxiu m\u00e9s antic. Tant l&#8217;Arxiu Municipal d&#8217;Alcoi com l&#8217;IVC es quedaran una c\u00f2pia del cat\u00e0leg i del fons digitalitzat per a consulta del investigadors, i algunes partitures es posaran igualment a l&#8217;abast del p\u00fablic a trav\u00e9s de la p\u00e0gina web de &#8216;M\u00fasica a la llum&#8217;.<\/p>\n<p>Els fons de la Societat Musical Nova d&#8217;Alcoi s\u00f3n molt valuosos per la seua antiguitat i per l&#8217;actiu paper d&#8217;aquesta societat, junt amb la Primitiva, en tota la vida musical d&#8217;Alcoi dels darrers dos segles, no tan sols participant en les festes de Sant Jordi i oferint concerts de banda, sin\u00f3 tamb\u00e9 col\u00b7laborant amb l&#8217;esgl\u00e9sia mitjan\u00e7ant la seua capella musical i la seua orquestra. La Nova conserva partitures originals d&#8217;importants m\u00fasics alcoians com Jos\u00e9 Esp\u00ed, Julio Laporta, Jorge Mira Carbonell, Jos\u00e9 Jord\u00e1 Valor o Camilo P\u00e9rez Laporta, entre d&#8217;altres.<\/p>\n<p>&#8216;M\u00fasica a la llum&#8217; vol combinar un treball extensiu amb totes les societats musicals amb treballs intensius com aquest i altres que puguen plantejar-se amb les societats posse\u00efdores d&#8217;un patrimoni m\u00e9s gran.<\/p>\n<p>D&#8217;altra banda, tots els anys, la Jove Banda Simf\u00f2nica de la FSMCV col\u00b7labora amb &#8216;M\u00fasica a la llum&#8217; amb un concert i l&#8217;enregistrament d&#8217;un disc amb algunes obres rescatades del nostre patrimoni, la majoria de les quals han estat poc interpretades i mai enregistrades en disc. El 2017 s&#8217;enregistraran obres de Miguel Asensi, Eduardo L\u00f3pez-Ch\u00e1varri i dels alcoians Jos\u00e9 Esp\u00ed i Julio Laporta, recuperades de l&#8217;arxiu de la Societat La Nova d&#8217;Alcoi.<\/p>\n","protected":false},"excerpt":{"rendered":"<p>L&#8217;Institut Valenci\u00e0 de Cultura, Bankia i la Federaci\u00f3 de Societats Musicals de la Comunitat Valenciana (FSMCV) han presentat a la ciutat d&#8217;Alcoi el programa &#8216;M\u00fasica a la llum&#8217;.<\/p>\n","protected":false},"author":2,"featured_media":0,"comment_status":"closed","ping_status":"closed","sticky":false,"template":"","format":"standard","meta":{"footnotes":""},"categories":[1],"tags":[],"class_list":["post-6804","post","type-post","status-publish","format-standard","hentry","category-certamenes"],"_links":{"self":[{"href":"https:\/\/fsmcv.org\/vl\/wp-json\/wp\/v2\/posts\/6804","targetHints":{"allow":["GET"]}}],"collection":[{"href":"https:\/\/fsmcv.org\/vl\/wp-json\/wp\/v2\/posts"}],"about":[{"href":"https:\/\/fsmcv.org\/vl\/wp-json\/wp\/v2\/types\/post"}],"author":[{"embeddable":true,"href":"https:\/\/fsmcv.org\/vl\/wp-json\/wp\/v2\/users\/2"}],"replies":[{"embeddable":true,"href":"https:\/\/fsmcv.org\/vl\/wp-json\/wp\/v2\/comments?post=6804"}],"version-history":[{"count":0,"href":"https:\/\/fsmcv.org\/vl\/wp-json\/wp\/v2\/posts\/6804\/revisions"}],"wp:attachment":[{"href":"https:\/\/fsmcv.org\/vl\/wp-json\/wp\/v2\/media?parent=6804"}],"wp:term":[{"taxonomy":"category","embeddable":true,"href":"https:\/\/fsmcv.org\/vl\/wp-json\/wp\/v2\/categories?post=6804"},{"taxonomy":"post_tag","embeddable":true,"href":"https:\/\/fsmcv.org\/vl\/wp-json\/wp\/v2\/tags?post=6804"}],"curies":[{"name":"wp","href":"https:\/\/api.w.org\/{rel}","templated":true}]}}