{"id":6808,"date":"2017-11-15T09:30:56","date_gmt":"2017-11-15T08:30:56","guid":{"rendered":"https:\/\/fsmcv.org\/?post_type=fsmcv-noticias&#038;p=6808"},"modified":"2021-03-29T19:09:26","modified_gmt":"2021-03-29T17:09:26","slug":"jornades-santa-cecilia-ateneu-musical-la-vila-joiosa","status":"publish","type":"post","link":"https:\/\/fsmcv.org\/vl\/societats-musicals\/jornades-santa-cecilia-ateneu-musical-la-vila-joiosa\/","title":{"rendered":"Jornades de Santa Cec\u00edlia de l&#8217;Ateneu Musical de La Vila Joiosa"},"content":{"rendered":"<p>Tot a punt perqu\u00e8 comencen els actes programats per la Societat Ateneu Musical de la Vila Joiosa per a festejar el mes de la m\u00fasica.<\/p>\n<p>En primer lloc l\u2019Orquestra de Corda de l\u2019Ateneu, la secci\u00f3 m\u00e9s jove de l\u2019Ateneu, obrir\u00e0 el 12 de novembre les Jornades Musicals en Honor a Santa Cec\u00edlia 2017, amb un concert al Teatre-Auditori amb la participaci\u00f3 del Cor de l\u2019Escola de M\u00fasica de l\u2019Ateneu. Un concert que t\u00e9 a Am\u00e8rica com a protagonista i on podrem gaudir de WEST SIDE STORY de Leonard Bernstein.<\/p>\n<p>El dissabte 18 de novembre celebrarem l\u2019acte m\u00e9s emotiu, la recollida dels nous m\u00fasics que s\u2019incorporen a la banda. Sis nous joves asseguraran el relleu generacional de la nostra banda de m\u00fasica. El diumenge 19, a les 19:00 a l\u2019Auditori del Centre Social, l\u2019Orquestra de Pols i Plectre oferir\u00e0 el concert de Santa Cec\u00edlia.<\/p>\n<p>El diumenge 26 de novembre ser\u00e0 el torn de la Banda Simf\u00f2nica, el concert de Santa Cec\u00edlia tindr\u00e0 lloc a les 12 hores al Teatre-Auditori. El divendres 1 de desembre la Bandeta de l\u2019Ateneu ens far\u00e0 passar una estona divertida amb la m\u00fasica de festa, ser\u00e0 a les 20:30 al Teatre-Auditori.<\/p>\n<p>Per tant, l\u2019Ateneu escalfa motors per oferir els millors concerts de l\u2019any i mostrar amb il\u00b7lusi\u00f3, esfor\u00e7 i alegria tot el nostre potencial.<\/p>\n","protected":false},"excerpt":{"rendered":"<p>Tot a punt perqu\u00e8 comencen els actes programats per la Societat Ateneu Musical de la Vila Joiosa per a festejar el mes de la m\u00fasica. <\/p>\n","protected":false},"author":2,"featured_media":0,"comment_status":"closed","ping_status":"closed","sticky":false,"template":"","format":"standard","meta":{"footnotes":""},"categories":[56],"tags":[],"class_list":["post-6808","post","type-post","status-publish","format-standard","hentry","category-societats-musicals"],"_links":{"self":[{"href":"https:\/\/fsmcv.org\/vl\/wp-json\/wp\/v2\/posts\/6808","targetHints":{"allow":["GET"]}}],"collection":[{"href":"https:\/\/fsmcv.org\/vl\/wp-json\/wp\/v2\/posts"}],"about":[{"href":"https:\/\/fsmcv.org\/vl\/wp-json\/wp\/v2\/types\/post"}],"author":[{"embeddable":true,"href":"https:\/\/fsmcv.org\/vl\/wp-json\/wp\/v2\/users\/2"}],"replies":[{"embeddable":true,"href":"https:\/\/fsmcv.org\/vl\/wp-json\/wp\/v2\/comments?post=6808"}],"version-history":[{"count":0,"href":"https:\/\/fsmcv.org\/vl\/wp-json\/wp\/v2\/posts\/6808\/revisions"}],"wp:attachment":[{"href":"https:\/\/fsmcv.org\/vl\/wp-json\/wp\/v2\/media?parent=6808"}],"wp:term":[{"taxonomy":"category","embeddable":true,"href":"https:\/\/fsmcv.org\/vl\/wp-json\/wp\/v2\/categories?post=6808"},{"taxonomy":"post_tag","embeddable":true,"href":"https:\/\/fsmcv.org\/vl\/wp-json\/wp\/v2\/tags?post=6808"}],"curies":[{"name":"wp","href":"https:\/\/api.w.org\/{rel}","templated":true}]}}