{"id":68124,"date":"2023-08-04T10:34:19","date_gmt":"2023-08-04T08:34:19","guid":{"rendered":"https:\/\/fsmcv.org\/certamens\/la-banda-municipal-de-musica-de-bilbao-oferira-una-desena-de-concerts-a-laire-lliure-durant-aste-nagusia\/"},"modified":"2023-08-04T11:01:26","modified_gmt":"2023-08-04T09:01:26","slug":"la-banda-municipal-de-musica-de-bilbao-oferira-una-desena-de-concerts-a-laire-lliure-durant-aste-nagusia","status":"publish","type":"post","link":"https:\/\/fsmcv.org\/vl\/societats-musicals\/la-banda-municipal-de-musica-de-bilbao-oferira-una-desena-de-concerts-a-laire-lliure-durant-aste-nagusia\/","title":{"rendered":"La banda municipal de m\u00fasica de Bilbao oferir\u00e0 una desena de concerts a l&#8217;aire lliure durant Aste Nagusia"},"content":{"rendered":"\n<ul class=\"wp-block-list\">\n<li>El director, Jos\u00e9 R. Pascual-Vilaplana, i el subdirector, I\u00f1aki Urkizu, s&#8217;alternaran a la batuta en els huit concerts que oferir\u00e0 la Banda en el Quiosc de l&#8217;Arenal, del 20 al 27 d&#8217;agost, a les 12.00 hores.<\/li>\n<\/ul>\n\n<ul class=\"wp-block-list\">\n<li>Com a novetat, enguany la formaci\u00f3 bilba\u00efna actuar\u00e0 el diumenge 20 d&#8217;agost en Abandoibarra (23.30) juntament amb la cantant sevillana Tamara. Aix\u00ed mateix, la Banda oferir\u00e0 un altre concert g\u00f3spel el dimecres 23 d&#8217;agost, a les 23.30 en la Pla\u00e7a Nova, en la qual comptar\u00e0 amb la participaci\u00f3 especial dels cors Messenger i Goizargi Gospel Choir.<\/li>\n<\/ul>\n\n<ul class=\"wp-block-list\">\n<li>Tornaran les col\u00b7laboracions especials amb la Banda Municipal de Txistularis, el grup de danses Beti Jai Alai i Gaiters de Pamplona.<\/li>\n<\/ul>\n\n<p>(Bilbao, 4 d&#8217;agost de 2023). &#8211; Un any m\u00e9s, la Banda Municipal de M\u00fasica de Bilbao no fallar\u00e0 al seu fidel p\u00fablic i portar\u00e0 la seua passi\u00f3 per la m\u00fasica al Quiosc de l&#8217;Arenal durant la Aste Nagusia. La formaci\u00f3 bilba\u00efna oferir\u00e0 un total de 8 concerts tots els dies, a les 12.00 hores en aquest emblem\u00e0tic espai de la vila. Concerts per als quals l&#8217;agrupaci\u00f3 ha triat un nodrit repertori que va des dels pasdobles i sarsueles passant pels cl\u00e0ssics fins a col\u00b7laboracions especials amb la sorpresa dels txistus i les gaites sobre l&#8217;escenari.<\/p>\n\n<p>El director titular de la Banda, Jos\u00e9 R. Pascual-Vilaplana (20, 21, 22 i 23 d&#8217;agost), i el subdirector, I\u00f1aki Urkizu (24, 25, 26 i 27 d&#8217;agost), s&#8217;alternaran a la batuta d&#8217;aquestes matin\u00e9s a l&#8217;aire lliure amb les seues m\u00e9s de quaranta components.<\/p>\n\n<p>La tradici\u00f3 d&#8217;incorporar col\u00b7laboracions especials en Aste Nagusia far\u00e0 que la Banda Municipal de M\u00fasica de Bilbao actue al costat de la Banda Municipal de Txistularis de Bilbao, el grup de danses de Basurto Beti Jai Alai, els Gaiters de Pamplona o els citats cors Messenger i Goizargi Gospel Choir.<\/p>\n\n<p>Sota la direcci\u00f3 del mestre de Muro, Jos\u00e9 R. Pascual-Vilaplana i el subdirector beasaindarra, I\u00f1aki Urkizu, els bilba\u00efns i bilba\u00efnes que s&#8217;acosten a l&#8217;Arenal podran gaudir d&#8217;un repertori m\u00e9s que variat amb diferents tem\u00e0tiques: \u201cMELODIES DE SEMPRE\u201d, \u201cDANSANT Al VENT\u201d, \u201cM\u00daSICA I FESTA\u201d, \u201cCL\u00c0SSICS POPULARS\u201d, \u201cHOMENATGE A FRANCISCO ALONSO\u201d, \u201cM\u00daSICA LLATINA\u201d i \u201cCOMPOSITORS DEL *BOCHO\u201d.<\/p>\n\n<p>Es tracta de programes que combinaran temes populars i festius i diversos estils com a composicions basques, jazz, m\u00fasica llatina, pasdoble, teatre musical, pop, bandes sonores,\u2026 totes peces musicals m\u00e9s que conegudes. Calen destacar les col\u00b7laboracions amb els Gaiters de Pamplona el divendres 25 d&#8217;agost i amb La Banda Municipal de Txistularis de Bilbao i el grup de danses Beti Jai Alai el dilluns dia 21, els qui sumaran la seua m\u00fasica i les seues danses als m\u00e9s de 40 int\u00e8rprets de la Banda.<\/p>\n\n<p>A m\u00e9s dels tradicionals concerts del Quiosc, la programaci\u00f3 d&#8217;enguany ofereix m\u00e9s novetats, ja que comptar\u00e0 amb altres dos concerts especials. El primer d&#8217;ells ser\u00e0 el diumenge 20 d&#8217;agost, a les 23.30 en Abandoibarra. En aquesta ocasi\u00f3 la formaci\u00f3 bilba\u00efna actuar\u00e0 juntament amb cantant sevillana Tamara. Una cita en la qual el p\u00fablic podr\u00e0 gaudir de m\u00e9s d&#8217;una desena de temes populars de l&#8217;artista andalusa com \u201cSi nos dejan\u201d, \u201cEl gato que est\u00e1 triste y azul\u201d o \u201cGranada\u201d, entre altres.<\/p>\n\n<p>Aix\u00ed mateix, la Banda oferir\u00e0 un concert g\u00f3spel el dimecres 23 d&#8217;agost, a les 23.30 en la Pla\u00e7a Nova. Titulat \u201cMemoria del alma\u201d, l&#8217;actuaci\u00f3 comptar\u00e0 amb la participaci\u00f3 especial del Cor Messenger i Goizargi Gospel Choir. Tots dos cors estaran dirigits per Ram\u00f3n Escal\u00e9. S&#8217;interpretaran temes com a &#8220;I Believe&#8221; de John P. *Kee, &#8220;Healed&#8221; de Donald Lawrence, &#8220;Yes Lord, yes&#8221; i &#8220;Satan, we&#8217;re gonna tear your kingdom down&#8221; de Shirley Caesar o &#8220;Hallelujah, Salvation and glory&#8221; de A. Jeffrey Lavalley, entre altres. En totes dues ocasions ser\u00e0 Pascual-Vilaplana qui guiar\u00e0 a l&#8217;agrupaci\u00f3.<\/p>\n\n<p><strong>JOS\u00c9 R. PASCUAL VILAPLANA<\/strong><\/p>\n\n<p>Muro (Alacant), 1971. Estudia en els Conservatoris d&#8217;Alcoi i Val\u00e8ncia. Alumne de Direcci\u00f3 de Banda de Jan Cober i Eugene Corporon. Estudia Direcci\u00f3 d&#8217;Orquestra a Viena amb Karl \u00d6sterreicher i Hans Graf. Actua com a director convidat a Alemanya, l&#8217;Argentina, B\u00e8lgica, Col\u00f2mbia, Cuba, Eslov\u00e8nia, Fran\u00e7a, It\u00e0lia, Holanda, Portugal, Romania, Su\u00efssa, l&#8217;Uruguai e USA tant en formacions orquestrals com band\u00edstiques destacant: Banda Nacional de Cuba, Banda Nacional Juvenil d&#8217;Holanda, Banda de la Marina Real d&#8217;Holanda, SAF Wind Orchestra d&#8217;Eslov\u00e8nia, O.S. del Vall\u00e9s, O.S. de M\u00farcia, O.S. de Castella i Lle\u00f3, O.S. de Bilbao, O.F. de Gran Can\u00e0ria, O.S. de Bucarest, Aulos W.B. de Su\u00efssa, Bandes Municipals d&#8217;Alacant, Barcelona, Madrid, Palma, Vit\u00f2ria, Sta. Cruz de Tenerife, Banda i Orquestra del Conservatori S. d&#8217;Oviedo, B. del C.S. de Can\u00e0ries, Banda de Musikene,\u2026<\/p>\n\n<p>Ha treballat amb solistes com Serguei Nakariakov, Pacho Flores, Asier Polo, Jos\u00e9 Franch-Ballester, Elisabete Matos, Estrella Morente, Manuel Blanco, Claudi Arimany, etc. Les seues composicions s\u00f3n interpretades i gravades ass\u00edduament per diferents bandes tant a nivell nacional com internacional (USA, Col\u00f2mbia, Israel, Corea, It\u00e0lia, Fran\u00e7a, Su\u00efssa\u2026) i rep nombrosos enc\u00e0rrecs d&#8217;importants festivals de l&#8217;Estat aix\u00ed com de solistes de prestigi com Luis Gonz\u00e1lez o Spanish Brass L.M. T\u00e9 registrats vint-i-cinc CDs com a director de m\u00fasica band\u00edstica.<\/p>\n\n<p>En 1997 gana el Primer Premi del Concurs de Direcci\u00f3 del WMC de Kerkrade (Holanda). En 2000 s&#8217;al\u00e7a amb el Primer Premi del Concurs Internacional de Direcci\u00f3 de la EBBA a Birmingham (UK). En 2004 rep el Premi Euterpe en les categories de Direcci\u00f3 de Banda i de Composici\u00f3. En 2010 rep el Premi Nacional de M\u00fasica \u201cI. Morales Neva\u201d del Festival de M\u00fasica de Castella- La Manxa.<\/p>\n\n<p>Des de 2015 \u00e9s director titular de la Banda Municipal de Bilbao i des de 2018 comparteix titularitat amb la Banda Municipal de Barcelona. \u00c9s principal director convidat de la Banda Simf\u00f2nica Portuguesa de Porto des de 2012.<\/p>\n\n<p><strong>I\u00d1AKI URKIZU<\/strong><\/p>\n\n<p>Va comen\u00e7ar a tocar la trompeta en la Banda municipal del seu poble natal a l&#8217;edat de huit anys, passant prompte a la Banda municipal de Tolosa on va exercir com a trompeta solista durant una d\u00e8cada. Va cursar els estudis de trompeta en el Conservatori Superior de Sant Sebasti\u00e0 amb el professor Juan Manuel G\u00f3mez de Edeta. Ha exercit com a docent a les Escoles de M\u00fasica de Beasain, Tolosa i \u201cArrasate Musical\u201d de Mondrag\u00f3n.<\/p>\n\n<p>Com a instrumentista ha col\u00b7laborat tamb\u00e9 amb moltes agrupacions d&#8217;Euskadi destacant l&#8217;Orquestra Simf\u00f2nica de Bilbao, Orquestra Simf\u00f2nica &#8220;Arrasate Musical&#8221;, la Banda Simf\u00f2nica del Conservatori Juan Cris\u00f3stomo d&#8217;Arriaga, el Conjunt Barroc de Sant Sebasti\u00e0, el quintet de metalls Lattor, el Llaurava Brass Taldea i la Gasteiz Big band, de la qual a m\u00e9s va ser director. Destaca tamb\u00e9 el treball desenvolupat com a solista, al costat dels organistes Benantzi Bilbao i Aitor Olea, en concerts d&#8217;\u00f2rgan i trompeta.<\/p>\n\n<p>\u00c9s coneguda en el m\u00f3n band\u00edstic la seua faceta d&#8217;arranjadora i transcriptor i les seues obres s\u00f3n normalment incloses en els programes habituals de nombroses Bandes de M\u00fasica. \u00c9s autor d&#8217;una col\u00b7lecci\u00f3 d&#8217;obres de recopilaci\u00f3 basades en la m\u00fasica basca a partir dels anys huitanta, de la qual ja estan editats els quatre primers n\u00fameros, \u201cJaialdia\u201d, \u201cDantzaldia\u201d, \u201cKantaldia\u201d i \u201cBetikoskorri\u201d, aquesta \u00faltima dedicada al popular grup de folk Oskorri. Ha realitzat tamb\u00e9 nombrosos arranjaments per a espectacles musicals com \u201cRecordando a Nino Bravo\u201d i \u201cEl Ba\u00fal de los 70\u201d per al cantant Seraf\u00edn Zubiri, entre altres.<\/p>\n\n<p>Ha dirigit la Banda de M\u00fasica de l&#8217;Ertzaintza des de l&#8217;any 1998 en la qual tamb\u00e9 va ocupar la pla\u00e7a de trompeta solista. Sota la seua batuta s&#8217;ha gravat un CD al costat de l&#8217;Orfe\u00f3 Bergar\u00e9s amb obres de Jos\u00e9 Franco, Luis Aramburu, Jos\u00e9 M\u00aa Gonz\u00e1lez Bastida i Juan Arzamendi, aix\u00ed com diversos CDs amb la Banda Municipal de Bilbao, un d&#8217;ells en col\u00b7laboraci\u00f3 amb la Societat Coral de Bilbao en el seu 125 aniversari, en la qual estrena la seua obra \u201cKantuz Hari donen Herria\u201d per a dos cors i Banda, i un altre dedicat a la sarsuela en col\u00b7laboraci\u00f3 amb la Massa Coral de l&#8217;Eixample, la soprano Miren Urbieta, el tenor Vicen\u00e7 Esteve i el bar\u00edton Fernando Latorre.<\/p>\n\n<p>Ha sigut convidat a dirigir nombroses Bandes d&#8217;Euskadi, com la Banda Municipal de Barakaldo, la Banda de M\u00fasica \u201cTavira\u201d de Durango o la Banda Municipal de Vit\u00f2ria-Gasteiz, entre altres. \u00c9s membre de la SGAE i des de 2007 subdirector de la Banda Municipal de Bilbao.<\/p>\n\n<p>Adjuntem programa: <\/p>\n\n<div data-wp-interactive=\"core\/file\" class=\"wp-block-file\"><object data-wp-bind--hidden=\"!state.hasPdfPreview\" hidden class=\"wp-block-file__embed\" data=\"https:\/\/fsmcv.org\/wp-content\/uploads\/2023\/08\/Programas-Aste-Nagusia-20-27-agosto.pdf\" type=\"application\/pdf\" style=\"width:100%;height:600px\" aria-label=\"Embed of Programas-Aste-Nagusia-20-27-agosto.\"><\/object><a id=\"wp-block-file--media-c85d2c5e-99d4-4daa-8d6d-faf09a31135f\" href=\"https:\/\/fsmcv.org\/wp-content\/uploads\/2023\/08\/Programas-Aste-Nagusia-20-27-agosto.pdf\">Programas-Aste-Nagusia-20-27-agosto<\/a><a href=\"https:\/\/fsmcv.org\/wp-content\/uploads\/2023\/08\/Programas-Aste-Nagusia-20-27-agosto.pdf\" class=\"wp-block-file__button wp-element-button\" download=\"\" aria-describedby=\"wp-block-file--media-c85d2c5e-99d4-4daa-8d6d-faf09a31135f\">Desc\u00e0rrega<\/a><\/div>\n","protected":false},"excerpt":{"rendered":"<p>(Bilbao, 4 d&#8217;agost de 2023). &#8211; Un any m\u00e9s, la Banda Municipal de M\u00fasica de Bilbao no fallar\u00e0 al seu fidel p\u00fablic i portar\u00e0 la seua passi\u00f3 per la m\u00fasica al Quiosc de l&#8217;Arenal durant la Aste Nagusia. La formaci\u00f3 bilba\u00efna oferir\u00e0 un total de 8 concerts tots els dies, a les 12.00 hores en [&hellip;]<\/p>\n","protected":false},"author":17,"featured_media":68120,"comment_status":"open","ping_status":"closed","sticky":false,"template":"","format":"standard","meta":{"footnotes":""},"categories":[56],"tags":[],"class_list":["post-68124","post","type-post","status-publish","format-standard","has-post-thumbnail","hentry","category-societats-musicals"],"_links":{"self":[{"href":"https:\/\/fsmcv.org\/vl\/wp-json\/wp\/v2\/posts\/68124","targetHints":{"allow":["GET"]}}],"collection":[{"href":"https:\/\/fsmcv.org\/vl\/wp-json\/wp\/v2\/posts"}],"about":[{"href":"https:\/\/fsmcv.org\/vl\/wp-json\/wp\/v2\/types\/post"}],"author":[{"embeddable":true,"href":"https:\/\/fsmcv.org\/vl\/wp-json\/wp\/v2\/users\/17"}],"replies":[{"embeddable":true,"href":"https:\/\/fsmcv.org\/vl\/wp-json\/wp\/v2\/comments?post=68124"}],"version-history":[{"count":0,"href":"https:\/\/fsmcv.org\/vl\/wp-json\/wp\/v2\/posts\/68124\/revisions"}],"wp:featuredmedia":[{"embeddable":true,"href":"https:\/\/fsmcv.org\/vl\/wp-json\/wp\/v2\/media\/68120"}],"wp:attachment":[{"href":"https:\/\/fsmcv.org\/vl\/wp-json\/wp\/v2\/media?parent=68124"}],"wp:term":[{"taxonomy":"category","embeddable":true,"href":"https:\/\/fsmcv.org\/vl\/wp-json\/wp\/v2\/categories?post=68124"},{"taxonomy":"post_tag","embeddable":true,"href":"https:\/\/fsmcv.org\/vl\/wp-json\/wp\/v2\/tags?post=68124"}],"curies":[{"name":"wp","href":"https:\/\/api.w.org\/{rel}","templated":true}]}}