{"id":68177,"date":"2023-08-16T13:08:49","date_gmt":"2023-08-16T11:08:49","guid":{"rendered":"https:\/\/fsmcv.org\/certamens\/bunol-completa-la-meitat-de-laforament-del-seu-concert-mano-a-mano-el-primer-dia-de-venda-dentrades\/"},"modified":"2023-08-16T13:25:29","modified_gmt":"2023-08-16T11:25:29","slug":"bunol-completa-la-meitat-de-laforament-del-seu-concert-mano-a-mano-el-primer-dia-de-venda-dentrades","status":"publish","type":"post","link":"https:\/\/fsmcv.org\/vl\/societats-musicals\/bunol-completa-la-meitat-de-laforament-del-seu-concert-mano-a-mano-el-primer-dia-de-venda-dentrades\/","title":{"rendered":"Bu\u00f1ol completa la meitat de l&#8217;aforament del seu concert \u201cMano a mano\u201d el primer dia de venda d&#8217;entrades"},"content":{"rendered":"\n<p><strong>L&#8217;Ajuntament de Bunyol i les dues societats musicals locals, el CIM<\/strong><strong>\u201c<\/strong><strong>La Arm<\/strong><strong>\u00f3nica\u201d i la SM<\/strong><strong>\u201c<\/strong><strong>La Art<\/strong><strong>\u00ed<\/strong><strong>stica<\/strong>\u201d, <strong>han aconseguit una fita hist\u00f2rica en completar la meitat de l&#8217;aforament del concert \u201cMano a mano\u201d el primer dia en qu\u00e8 les entrades han eixit a la venda.<\/strong><\/p>\n\n<p><strong>No obstant aix\u00f2, les entrades per a l&#8217;extraordinari concert que totes dues formacions protagonitzaran a l&#8217;auditori a l&#8217;aire lliure del Passeig de Sant Llu\u00eds el pr\u00f2xim 19 d&#8217;agost a partir de les 22,30 hores encara es poden aconseguir anticipadament fins a la mateixa vespra de la famosa cita musical; o fins i tot el mateix dia en la taquilla de l&#8217;auditori.<\/strong><\/p>\n\n<p><strong><em>Bunyol, 10<\/em><\/strong><strong><em> d&#8217;agost de 2023. <\/em><\/strong>De \u201ctot un gran \u00e8xit&#8221; ha sigut qualificada pel president de la <strong>Societat Musical &#8220;La Art\u00ed<\/strong><strong>stica<\/strong><strong>\u201d<\/strong><strong> de Bu<\/strong><strong>nyol<\/strong>,  <strong>Francisco Blasco<\/strong>, la primera jornada de venda d&#8217;entrades per a la 48 edici\u00f3 del concert &#8220;Mano a mano&#8221; del pr\u00f2xim 19 d&#8217;agost, \u201cdespr\u00e9s de la qual ja s&#8217;ha aconseguit, i en tot just tres hores, omplir pr\u00e0cticament la meitat de l&#8217;aforament de l&#8217;auditori a l&#8217;aire lliure del <strong>Passeig de San Luis <\/strong>que consta d&#8217;una mica m\u00e9s de 2.500 localitats\u201d, en paraules del m\u00e0xim responsable de \u201cLa Art\u00edstica\u201d.<\/p>\n\n<p>En similars termes s&#8217;ha pronunciat la presidenta del <strong>Centre Instructiu Musical &#8220;La Arm\u00f3<\/strong><strong>nica&#8221;<\/strong>, <strong>Rosario Pardo<\/strong>, qui ha destacat que s&#8217;espera \u201cuna entrada r\u00e8cord a l&#8217;auditori enguany\u201d; una circumst\u00e0ncia que ha qualificat de \u201cmolt il\u00b7lusionant per a nosaltres\u201d.<\/p>\n\n<p>\u201cJa que \u00e9s molt reconfortant \u2014ha afegit <strong>Rosario Pardo<\/strong>\u2014 veure que continua existint aquesta expectaci\u00f3 per el \u2018Mano a mano\u2019, fins i tot tenint en compte que tampoc \u00e9s f\u00e0cil adquirir les entrades, alguna cosa que ens anima i que ens confirma que realment estem davant un gran espectacle musical\u201d.<\/p>\n\n<p>\u201cDe fet, hi ha hagut gent que el primer dia de la venda ha estat des de les sis del mat\u00ed fent cua per a comprar una entrada&#8221;, com ha destacat <strong>Francisco Blasco<\/strong>, \u201cja que les entrades estan numerades i es distribueixen per zones, sent per tant les que millor visibilitat tenen les primeres que s&#8217;esgoten\u201d.<\/p>\n\n<p>L&#8217;alcaldessa i responsable de l&#8217;\u00e0rea de Bandes de M\u00fasica del consistori de Bunyol, <strong>Virg\u00ednia Sanz<\/strong>, ha subratllat que el \u201c\u00e8xit en la venda de les entrades que estem aconseguint enguany \u00e9s sens dubte fruit de la qualitat que les nostres bandes ofereixen, les quals cada edici\u00f3 se superen, concitant cada vegada m\u00e9s atenci\u00f3 dels aficionats a la bona m\u00fasica, la qual cosa demostra la rellev\u00e0ncia i la tradici\u00f3 que t\u00e9 el nostre \u2018Mano a mano\u2019\u201d.<\/p>\n\n<p>Un concert \u2018Mano a mano\u2019 que \u00e9s \u201cuna de les cites culturals ineludibles que tot aficionat a la bona m\u00fasica de bandes de Bunyol no es vol perdre i amb la qual a m\u00e9s aquest Ajuntament est\u00e0 totalment bolcat\u201d, com ha posat l&#8217;accent <strong>Virginia Sanz.<\/strong><\/p>\n\n<p>Tal com han recordat des de totes dues entitats musicals aix\u00ed com des de l&#8217;Ajuntament, les entrades anticipades (que ixen a la venda amb un preu de 15 euros, 3 menys del que costaran en taquilla) podran reservar-se fins a les 14,00 hores del dia 18 d&#8217;agost escrivint als seg\u00fcents correus electr\u00f2nics: <a href=\"mailto:sociedad@laartistica.org\">Sociedad@laartistica.org<\/a> o <a href=\"mailto:secretaria@cimlaarmonica.es\">Sociedad@cimlaarmonica.es,<\/a> aix\u00ed com adquirir-se presencialment encara durant els dies 11, 16 i 18 d&#8217;agost a la Sala El Mercat de la localitat, en horari de 19,00 a 21,00 hores; o el mateix dia del concert en taquilla.<\/p>\n\n<p>La programaci\u00f3 del 48 concert \u201cMano a mano\u201d de Bunyol aix\u00ed com m\u00e9s detalls sobre totes dues formacions musicals protagonistes o els seus directors pot consultar-se en la p\u00e0gina web <em>conciertomanoamano.es.<\/em><\/p>\n\n<figure class=\"wp-block-image size-large is-resized\"><img fetchpriority=\"high\" decoding=\"async\" src=\"https:\/\/fsmcv.org\/wp-content\/uploads\/2023\/08\/02Venta_Mam23-1024x682.jpg\" alt=\"\" class=\"wp-image-68170\" style=\"width:498px;height:332px\" width=\"498\" height=\"332\" title=\"\"><\/figure>\n\n<figure class=\"wp-block-image size-large\"><img decoding=\"async\" src=\"https:\/\/fsmcv.org\/wp-content\/uploads\/2023\/08\/03Venta_Mam23-1024x682.jpg\" alt=\"\" class=\"wp-image-68172\" title=\"\"><\/figure>\n\n<figure class=\"wp-block-image size-large\"><img decoding=\"async\" src=\"https:\/\/fsmcv.org\/wp-content\/uploads\/2023\/08\/04Venta_Mam23-1024x682.jpg\" alt=\"\" class=\"wp-image-68174\" title=\"\"><\/figure>\n","protected":false},"excerpt":{"rendered":"<p>L&#8217;Ajuntament de Bunyol i les dues societats musicals locals, el CIM\u201cLa Arm\u00f3nica\u201d i la SM\u201cLa Art\u00edstica\u201d, han aconseguit una fita hist\u00f2rica en completar la meitat de l&#8217;aforament del concert \u201cMano a mano\u201d el primer dia en qu\u00e8 les entrades han eixit a la venda. No obstant aix\u00f2, les entrades per a l&#8217;extraordinari concert que totes [&hellip;]<\/p>\n","protected":false},"author":17,"featured_media":68169,"comment_status":"open","ping_status":"closed","sticky":false,"template":"","format":"standard","meta":{"footnotes":""},"categories":[56],"tags":[],"class_list":["post-68177","post","type-post","status-publish","format-standard","has-post-thumbnail","hentry","category-societats-musicals"],"_links":{"self":[{"href":"https:\/\/fsmcv.org\/vl\/wp-json\/wp\/v2\/posts\/68177","targetHints":{"allow":["GET"]}}],"collection":[{"href":"https:\/\/fsmcv.org\/vl\/wp-json\/wp\/v2\/posts"}],"about":[{"href":"https:\/\/fsmcv.org\/vl\/wp-json\/wp\/v2\/types\/post"}],"author":[{"embeddable":true,"href":"https:\/\/fsmcv.org\/vl\/wp-json\/wp\/v2\/users\/17"}],"replies":[{"embeddable":true,"href":"https:\/\/fsmcv.org\/vl\/wp-json\/wp\/v2\/comments?post=68177"}],"version-history":[{"count":0,"href":"https:\/\/fsmcv.org\/vl\/wp-json\/wp\/v2\/posts\/68177\/revisions"}],"wp:featuredmedia":[{"embeddable":true,"href":"https:\/\/fsmcv.org\/vl\/wp-json\/wp\/v2\/media\/68169"}],"wp:attachment":[{"href":"https:\/\/fsmcv.org\/vl\/wp-json\/wp\/v2\/media?parent=68177"}],"wp:term":[{"taxonomy":"category","embeddable":true,"href":"https:\/\/fsmcv.org\/vl\/wp-json\/wp\/v2\/categories?post=68177"},{"taxonomy":"post_tag","embeddable":true,"href":"https:\/\/fsmcv.org\/vl\/wp-json\/wp\/v2\/tags?post=68177"}],"curies":[{"name":"wp","href":"https:\/\/api.w.org\/{rel}","templated":true}]}}