{"id":6818,"date":"2017-11-15T12:02:41","date_gmt":"2017-11-15T11:02:41","guid":{"rendered":"https:\/\/fsmcv.org\/?post_type=fsmcv-noticias&#038;p=6818"},"modified":"2021-03-29T19:08:34","modified_gmt":"2021-03-29T17:08:34","slug":"societat-musical-santa-cecilia-macastre-homenatja-patrona-musica","status":"publish","type":"post","link":"https:\/\/fsmcv.org\/vl\/societats-musicals\/societat-musical-santa-cecilia-macastre-homenatja-patrona-musica\/","title":{"rendered":"La Societat Musical \u201cSanta Cecilia\u201d de Macastre homenatja aquest cap de setmana a la patrona de la m\u00fasica"},"content":{"rendered":"<p>La Societat Musical \u201cSanta Cecilia\u201d de Macastre homenatja aquest cap de setmana a la patrona de la m\u00fasica. I ho fa amb un variat programa d&#8217;actes que arranquen el divendres 17 i que es perllonguen fins al diumenge 19.<\/p>\n<p>La primera de les cites esdev\u00e9 aquest divendres a les 20 hores a la Casa de la Cultura. Ac\u00ed, Orquestra de Corda i Macastre Wind Ensemble oferiran un esperat concert en el qual destaca tant la varietat tem\u00e0tica com l&#8217;espectacularitat de les obres. Francisco Carrascosa guiar\u00e0 l&#8217;Orquestra, mentre que David Gilabert i Carlos S\u00e1nchez faran el propi amb l&#8217;Ensemble. Instants despr\u00e9s d&#8217;aquest lliurament musical tindr\u00e0 lloc el sopar que ofereixen els m\u00fasics que s&#8217;incorporen a la Banda Simf\u00f2nica.<\/p>\n<p>El dissabte, a partir de les 19 hores, tindr\u00e0 lloc el concert protagonitzat precisament per la Banda Simf\u00f2nica i guiat des de la tarima pel seu titular, Francisco Carrascosa Miguel. En aquest mateix acte es presentar\u00e0 a les noves Muses i es donar\u00e0 la benvinguda als m\u00fasics que s&#8217;incorporen a l&#8217;agrupaci\u00f3. D&#8217;altra banda, est\u00e0 previst un simb\u00f2lic reconeixement als qui anys arrere van treballar perqu\u00e8 el projecte musical quallara com ho ha fet en la poblaci\u00f3. Despr\u00e9s de l&#8217;esperada posada en faristol, m\u00fasics, socis i simpatitzants protagonitzaran el sopar de germanor i la posterior serenata per les cases dels qui se sumen enguany, al projecte musical.<\/p>\n<p>El diumenge, dia 19, la Coral Polif\u00f2nica ser\u00e0 la protagonista; aquesta agrupaci\u00f3 participar\u00e0 en la Missa en honor a Santa Cecilia programada a les 12 hores en l&#8217;Esgl\u00e9sia Transfiguraci\u00f3n del Salvador. Finalment, el menjar de germanor posar\u00e0 el fermall a aquest esperat cap de setmana musical.<\/p>\n","protected":false},"excerpt":{"rendered":"<p>La Societat Musical \u201cSanta Cecilia\u201d de Macastre homenatja aquest cap de setmana a la patrona de la m\u00fasica. I ho fa amb un variat programa d&#8217;actes que arranquen el divendres 17 i que es perllonguen fins al diumenge 19.<\/p>\n","protected":false},"author":2,"featured_media":0,"comment_status":"closed","ping_status":"closed","sticky":false,"template":"","format":"standard","meta":{"footnotes":""},"categories":[56],"tags":[],"class_list":["post-6818","post","type-post","status-publish","format-standard","hentry","category-societats-musicals"],"_links":{"self":[{"href":"https:\/\/fsmcv.org\/vl\/wp-json\/wp\/v2\/posts\/6818","targetHints":{"allow":["GET"]}}],"collection":[{"href":"https:\/\/fsmcv.org\/vl\/wp-json\/wp\/v2\/posts"}],"about":[{"href":"https:\/\/fsmcv.org\/vl\/wp-json\/wp\/v2\/types\/post"}],"author":[{"embeddable":true,"href":"https:\/\/fsmcv.org\/vl\/wp-json\/wp\/v2\/users\/2"}],"replies":[{"embeddable":true,"href":"https:\/\/fsmcv.org\/vl\/wp-json\/wp\/v2\/comments?post=6818"}],"version-history":[{"count":0,"href":"https:\/\/fsmcv.org\/vl\/wp-json\/wp\/v2\/posts\/6818\/revisions"}],"wp:attachment":[{"href":"https:\/\/fsmcv.org\/vl\/wp-json\/wp\/v2\/media?parent=6818"}],"wp:term":[{"taxonomy":"category","embeddable":true,"href":"https:\/\/fsmcv.org\/vl\/wp-json\/wp\/v2\/categories?post=6818"},{"taxonomy":"post_tag","embeddable":true,"href":"https:\/\/fsmcv.org\/vl\/wp-json\/wp\/v2\/tags?post=6818"}],"curies":[{"name":"wp","href":"https:\/\/api.w.org\/{rel}","templated":true}]}}