{"id":6829,"date":"2017-11-16T12:57:25","date_gmt":"2017-11-16T11:57:25","guid":{"rendered":"https:\/\/fsmcv.org\/?post_type=fsmcv-noticias&#038;p=6829"},"modified":"2020-09-27T18:22:41","modified_gmt":"2020-09-27T18:22:41","slug":"fsmcv-se-suma-manifestacion-18-noviembre-financiacion-justa","status":"publish","type":"post","link":"https:\/\/fsmcv.org\/vl\/certamens\/fsmcv-se-suma-manifestacion-18-noviembre-financiacion-justa\/","title":{"rendered":"La FSMCV es suma a la manifestaci\u00f3 del 18 de novembre per un finan\u00e7ament just"},"content":{"rendered":"<p>La Federaci\u00f3 de Societats Musicals de la Comunitat Valenciana (FSMCV) s&#8217;ha sumat a la manifestaci\u00f3 que se celebrar\u00e0 dissabte que ve 18 de novembre a Val\u00e8ncia amb l&#8217;objectiu de reclamar al Govern Central un finan\u00e7ament just per sostenir l&#8217;estat social.<\/p>\n<p>Des de la federaci\u00f3 s&#8217;ha destacat que \u00e9s evident que des de fa anys la Comunitat Valenciana pateix una infrafinanciaci\u00f3 i infrainversi\u00f3 que afecta a la nostra societat i per a\u00e7\u00f2 es recolzar\u00e0 aquest moviment perqu\u00e8 siga reconeguda la situaci\u00f3 que actualment es pateix amb la finalitat que siga revisat el model de finan\u00e7ament de les autonomies i els valencians reben all\u00f2 que els correspon per dret.<\/p>\n<blockquote><p>\u201c<em>Des de la Federaci\u00f3 portem anys advertint d&#8217;aquest fet i com afecta a les nostres Societats Musicals. La infrafinanciaci\u00f3 que la cultura i la m\u00fasica valenciana reben dels fons de l&#8217;Estat que gestiona el INAEM (Institut Nacional de les Arts Esc\u00e8niques) \u00e9s una de les nostres grans reivindicacions<\/em>\u201d, ha declarat Pedro Rodr\u00edguez, president de la FSMCV.<\/p><\/blockquote>\n<p>De fet, en el per\u00edode de 2008-2011 la FSMCV rebia 67.500 euros anuals de mitjana, mentre que en el per\u00edode 2012-2017 ha passat a rebre 9.833 euros anuals de mitjana. D&#8217;aquesta forma, la FSMCV ha deixat d&#8217;ingressar 346.000 euros des de 2012, la qual cosa suposaria el propi deute hist\u00f2ric del govern de Madrid amb aquesta entitat. A a\u00e7\u00f2 s&#8217;afig que entitats amb menor representaci\u00f3 o activitat reben des de 25.000 fins a 80.000 euros anuals.<\/p>\n<p>La Comunitat Valenciana nom\u00e9s rep un 1% de les ajudes en aquest \u00e0mbit, dada realment alarmant si tenim en compte que la FSMCV congrega al 50% de les bandes de m\u00fasica del nostre pa\u00eds i representa, segons la Universitat de Val\u00e8ncia, al primer agent cultural de la nostra Comunitat.<\/p>\n<p>Des de la Federaci\u00f3 s&#8217;ha assenyalat que \u00e9s molt important sumar-se a aquest moviment que va m\u00e9s enll\u00e0 de q\u00fcestions o adhesions pol\u00edtiques i que per primera vegada cerca alguna cosa comuna a tots que \u00e9s la defensa dels interessos de la societat valenciana, tenir les mateixes oportunitats que la resta de ciutadans espanyols.<\/p>\n","protected":false},"excerpt":{"rendered":"<p>La Federaci\u00f3 de Societats Musicals de la Comunitat Valenciana (FSMCV) s&#8217;ha sumat a la manifestaci\u00f3 que se celebrar\u00e0 dissabte que ve 18 de novembre a Val\u00e8ncia amb l&#8217;objectiu de reclamar al Govern Central un finan\u00e7ament just per sostenir l&#8217;estat social.<\/p>\n","protected":false},"author":2,"featured_media":0,"comment_status":"closed","ping_status":"closed","sticky":false,"template":"","format":"standard","meta":{"footnotes":""},"categories":[],"tags":[],"class_list":["post-6829","post","type-post","status-publish","format-standard","hentry"],"_links":{"self":[{"href":"https:\/\/fsmcv.org\/vl\/wp-json\/wp\/v2\/posts\/6829","targetHints":{"allow":["GET"]}}],"collection":[{"href":"https:\/\/fsmcv.org\/vl\/wp-json\/wp\/v2\/posts"}],"about":[{"href":"https:\/\/fsmcv.org\/vl\/wp-json\/wp\/v2\/types\/post"}],"author":[{"embeddable":true,"href":"https:\/\/fsmcv.org\/vl\/wp-json\/wp\/v2\/users\/2"}],"replies":[{"embeddable":true,"href":"https:\/\/fsmcv.org\/vl\/wp-json\/wp\/v2\/comments?post=6829"}],"version-history":[{"count":0,"href":"https:\/\/fsmcv.org\/vl\/wp-json\/wp\/v2\/posts\/6829\/revisions"}],"wp:attachment":[{"href":"https:\/\/fsmcv.org\/vl\/wp-json\/wp\/v2\/media?parent=6829"}],"wp:term":[{"taxonomy":"category","embeddable":true,"href":"https:\/\/fsmcv.org\/vl\/wp-json\/wp\/v2\/categories?post=6829"},{"taxonomy":"post_tag","embeddable":true,"href":"https:\/\/fsmcv.org\/vl\/wp-json\/wp\/v2\/tags?post=6829"}],"curies":[{"name":"wp","href":"https:\/\/api.w.org\/{rel}","templated":true}]}}