{"id":684,"date":"2016-05-23T17:30:02","date_gmt":"2016-05-23T15:30:02","guid":{"rendered":"http:\/\/fsmcv.org\/?post_type=fsmcv-noticias&#038;p=684"},"modified":"2020-09-27T18:22:38","modified_gmt":"2020-09-27T18:22:38","slug":"clamoroso-exito-del-director-jose-alcacer-en-el-concierto-del-bing-concert-hall-de-la-universidad-de-stanford-en-california","status":"publish","type":"post","link":"https:\/\/fsmcv.org\/vl\/noticies-campanyes\/musica-a-la-llum\/clamoroso-exito-del-director-jose-alcacer-en-el-concierto-del-bing-concert-hall-de-la-universidad-de-stanford-en-california\/","title":{"rendered":"[:es]Clamoroso \u00e9xito del director Jose Alc\u00e1cer en el concierto del Bing Concert Hall de la Universidad de Stanford en California[:]"},"content":{"rendered":"<p>Stanford, Califonia. 23 de maig de 2016<\/p>\n<p>El director valenci\u00e0 Jos\u00e9 Alcacer va presentar als Estats Units un concert extraordinari que es va celebrar en el Bing Concert Hall de la Universitat de Stanford a Calif\u00f2rnia aquest cap de setmana.<\/p>\n<p>El concert va ser la primera actuaci\u00f3 del director de Riba-roja de T\u00faria al capdavant de la Stanford Wind Symphony Orchestra, una de les formacions insignes de la Universitat de Stanford, una de les universitats m\u00e9s importants dels Estats Units.<\/p>\n<p>Jos\u00e9 Alcacer va tancar la temporada de concerts com a director convidat i ha sigut qualificat per la Stanford Wind Symphony Orchestra com a &#8220;un incredible conductor&#8221;.<\/p>\n<p>El concert va ser un gran homenatge a la m\u00fasica valenciana i als seus compositors. La Stanford Wind Symphony va interpretar obres de compositors valencians, amb gran acollida,constatant aix\u00ed la bona salut de la m\u00fasica valenciana.<\/p>\n<p>El program a interpretar per la Orchestra dirigida per Alc\u00e1cer va ser:<\/p>\n<p>Vasa del compositor Jose Su\u00f1er,<\/p>\n<p>Polifemo d&#8217;Andr\u00e9s Valero-Castells,<\/p>\n<p>La Marcha de Cue Sheets de Teo Aparicio<\/p>\n<p>i l&#8217;obra del prol\u00edfic compositor alacant\u00ed \u00d3scar Navarro, Expedition.<\/p>\n<p>Jose Alcacerer Dur\u00e1 defineix l&#8217;experi\u00e8ncia com a &#8220;Bressol possibilitat molt important de portar la cultura bandistica de la comunitat valenciana als Estats Units.&#8221;<\/p>\n<p>Jos\u00e9 Alc\u00e1cer Dur\u00e1<\/p>\n<p>Naix a Riba-roja de T\u00faria en 1977. Cursa estudis de clarinet en el Conservatori Superior de M\u00fasica de Val\u00e8ncia amb el mestre Juan Vercher, aconseguint el t\u00edtol de Professor Superior de M\u00fasica en la esmentada especialitat.<\/p>\n<p>Amplia els seus estudis de Pedagogia Musical amb el mestre Jos Wuytak.<\/p>\n<p>\u00c9s Diplomat en Adre\u00e7a de Banda per la Royal Collage of Music de Londres.<\/p>\n<p>Cursa estudis de direcci\u00f3 de Banda amb Eugene Corporon (University of North Texas), Jos\u00e9 R. Pascual Vilaplana, Lorenzo Della Fonte (Conservatori de Tor\u00ed, It\u00e0lia), Enrique Garc\u00eda Asensio, Markus Theiner, i Jose M\u00aa Cervera Collado. I tamb\u00e9 cursa estudis de Composici\u00f3 amb Franco Cesarini (Conservatori de Lugano, Su\u00efssa) a It\u00e0lia.<\/p>\n<p>\u00c9s Director del Festival de M\u00fasica de Montcada-FESMON.<\/p>\n<p>Com a Director convidat, ha dirigit la Banda Musicale Citta de Procida a N\u00e0pols, l&#8217;Orchestra vaig donar Fiati Kart Orff en Priolo Gargallo, Sic\u00edlia, la Wind Orchestra O. Giordiano en Rodi Garganico, l&#8217;Orchestra vaig donar Fiati Il Leoncini d&#8217;Abruzzo a Pescina, Il Corpo Musicale Pietro Giannone, L&#8217;Orchestra Accademia 2008, la Banda de la Gu\u00e0rdia Vienesa a Viena, l&#8217;orquestra de cambra Antonio Vivaldi de Brescia, la Banda Citta vaig donar Fano, la Banda de l&#8217;Ex\u00e8rcit Itali\u00e0 a Roma i la Stanford Wind Symphony, Calif\u00f2rnia (EUA).<\/p>\n<p>Ha sigut Director de la Banda del Centre Art\u00edstic Musical de Montcada del 2005 al 2014, amb la qual guanya en 2009 el primer premi en el Certamen Provincial de Bandes de Val\u00e8ncia i de la Corporaci\u00f3 Musical de la Pobla de Vallbona del 2003 al 2006.<\/p>\n<p>Cofundador de l&#8217;Ars Chamber Orchestra.<\/p>\n<p>Membre de jurats en concursos de bandes a escala internacional.<\/p>\n<p>D&#8217;altra banda, des de 2011 \u00e9s director del Conservatori Professional de M\u00fasica de la Ciutat de Montcada, on imparteix les especialitats de clarinet, m\u00fasica de cambra i Orquestra.<\/p>\n<p>Dirigeix la Banda i Orquestra del Conservatori Professional de M\u00fasica de la Ciutat de Montcada.<\/p>\n<p>Professor de T\u00e8cnica dde direcci\u00f3 d&#8217;Orquestra en el Bachelor d&#8217;Agrupacions Musicals de l&#8217;Acad\u00e8mia Study d&#8217;Estivella, Val\u00e8ncia.<\/p>\n<p>\u00c9s membre de la Wasbe (World Association for Symphonic Bands and Ensembles).<\/p>\n<p>Enhorabona Mestre.<\/p>\n","protected":false},"excerpt":{"rendered":"<p>El concert va ser un gran homenatge a la m\u00fasica valenciana i als seus compositors<\/p>\n","protected":false},"author":2,"featured_media":0,"comment_status":"closed","ping_status":"closed","sticky":false,"template":"","format":"standard","meta":{"footnotes":""},"categories":[10],"tags":[],"class_list":["post-684","post","type-post","status-publish","format-standard","hentry","category-musica-a-la-llum"],"_links":{"self":[{"href":"https:\/\/fsmcv.org\/vl\/wp-json\/wp\/v2\/posts\/684","targetHints":{"allow":["GET"]}}],"collection":[{"href":"https:\/\/fsmcv.org\/vl\/wp-json\/wp\/v2\/posts"}],"about":[{"href":"https:\/\/fsmcv.org\/vl\/wp-json\/wp\/v2\/types\/post"}],"author":[{"embeddable":true,"href":"https:\/\/fsmcv.org\/vl\/wp-json\/wp\/v2\/users\/2"}],"replies":[{"embeddable":true,"href":"https:\/\/fsmcv.org\/vl\/wp-json\/wp\/v2\/comments?post=684"}],"version-history":[{"count":0,"href":"https:\/\/fsmcv.org\/vl\/wp-json\/wp\/v2\/posts\/684\/revisions"}],"wp:attachment":[{"href":"https:\/\/fsmcv.org\/vl\/wp-json\/wp\/v2\/media?parent=684"}],"wp:term":[{"taxonomy":"category","embeddable":true,"href":"https:\/\/fsmcv.org\/vl\/wp-json\/wp\/v2\/categories?post=684"},{"taxonomy":"post_tag","embeddable":true,"href":"https:\/\/fsmcv.org\/vl\/wp-json\/wp\/v2\/tags?post=684"}],"curies":[{"name":"wp","href":"https:\/\/api.w.org\/{rel}","templated":true}]}}