{"id":68595,"date":"2023-09-19T16:00:25","date_gmt":"2023-09-19T14:00:25","guid":{"rendered":"https:\/\/fsmcv.org\/certamens\/albal-acull-la-xxii-trobada-de-bandes-juvenils-de-l-horta-sud\/"},"modified":"2023-09-19T16:17:50","modified_gmt":"2023-09-19T14:17:50","slug":"albal-acull-la-xxii-trobada-de-bandes-juvenils-de-l-horta-sud","status":"publish","type":"post","link":"https:\/\/fsmcv.org\/vl\/societats-musicals\/albal-acull-la-xxii-trobada-de-bandes-juvenils-de-l-horta-sud\/","title":{"rendered":"ALBAL ACULL LA XXII TROBADA DE BANDES JUVENILS DE L \u2019HORTA SUD"},"content":{"rendered":"\n<p><strong>Vora 1.300 m\u00fasics joves ple naran el poble. Ser\u00e0 la primera edici\u00f3 que se celebre a Albal. Comp Comptar\u00e0 amb una entrada de bandes que recorrer\u00e0 el casc hist\u00f2ric del municipi , i una macrobanda a la Pla\u00e7a del Jard\u00ed dirigida pel m \u00fasic albalenc, Julio Jos\u00e9 Puchalt Herv\u00e1s.<\/strong><\/p>\n\n<p>El dissabt e 30 de setembre per la vesprada, Albal acollir\u00e0 la XXII Trobada de Bandes Juvenils de l \u2019Horta Su d. Les societats musicals de la comarca acudiran amb les seues bandes juvenils a Albal per a participar d&#8217;aquest encontre, un a data de refer\u00e8ncia per al moviment de les societat s musicals a l \u2019Horta Sud. A m\u00e9s a m\u00e9s, ser\u00e0 la primera vegada que se celebre aquest esdeveniment en Albal, fet pel qual enguany la Trobada compta amb un valor especial per al poble i per a la societat musical amfitriona, la Societat Joventut Musical d \u2019 Albal.<\/p>\n\n<p>La Trobada comen\u00e7ar\u00e0 amb l \u2019entrada de bandes juvenils, en la qual les bandes desfilaran interpretant distints pasdobles. Aquesta recorrer\u00e0 el casc hist\u00f2ric del poble: comen\u00e7ar\u00e0 al carrer Sant Roc, i passar\u00e0 per la Torre \u00e0rab, l \u2019Esgl\u00e9sia de la Mare de D\u00e9u dels \u00c0ngels, el Mercat, fins arribar a la Pla\u00e7a del Jard\u00ed. Una vegada finalitzada l \u2019entrada de bandes, totes les bandes juvenils de la comarca faran una macrobanda, en la qual interpretaran alhora el fam\u00f3s pasdoble <em>&#8220;Valencia\u2019<\/em>\u2019, de Jos\u00e9 Padilla. Ho faran sota la batuta de Julio Jos\u00e9 Puchalt Herv\u00e1s, director de la banda juvenil de la Societat Joventut Musical d \u2019Albal i distingit m\u00fasic del poble. La Trobada conclour\u00e0 amb un sopar de germanor al CEIP Juan Esteve.<\/p>\n\n<p>Es tracta d \u2019una de les activitats comarcals que duen a terme les societats musical de l \u2019Horta Sud en la seua agenda federal. Vora 1.300 m\u00fasics joves de la comarca es trobaran per a celebrar la m\u00fasica que fan dia a dia a les seues societats musicals, reconegudes amb la resta de societats de la Comunitat Valenciana com a B\u00e9 d\u2019Inter\u00e9s Cultural i Manifestaci\u00f3 Representativa del Patrimoni Cultural Immaterial. Molts d&#8217;aquestos m\u00fasics, eixiran per primera vegada a desfilar amb el seu instrument pel carrer . Aix\u00ed, esdev\u00e9 una cita amb un valor simb\u00f2lic important per la que molts dels m\u00fasics de l\u2019Horta Sud tenen una forta estima.<\/p>\n\n<p>L\u2019organitzaci\u00f3 de la Trobada ha comptat amb la participaci\u00f3 de la junta comarcal de la Federaci\u00f3 de Societats Musicals de la Comunitat Valenciana (FSMCV), la Societat Joventut Musical d\u2019Albal i l \u2019Ajuntament d\u2019Albal.<\/p>\n","protected":false},"excerpt":{"rendered":"<p>Vora 1.300 m\u00fasics joves ple naran el poble. Ser\u00e0 la primera edici\u00f3 que se celebre a Albal. Comp Comptar\u00e0 amb una entrada de bandes que recorrer\u00e0 el casc hist\u00f2ric del municipi , i una macrobanda a la Pla\u00e7a del Jard\u00ed dirigida pel m \u00fasic albalenc, Julio Jos\u00e9 Puchalt Herv\u00e1s. El dissabt e 30 de setembre [&hellip;]<\/p>\n","protected":false},"author":17,"featured_media":68584,"comment_status":"open","ping_status":"closed","sticky":false,"template":"","format":"standard","meta":{"footnotes":""},"categories":[56],"tags":[],"class_list":["post-68595","post","type-post","status-publish","format-standard","has-post-thumbnail","hentry","category-societats-musicals"],"_links":{"self":[{"href":"https:\/\/fsmcv.org\/vl\/wp-json\/wp\/v2\/posts\/68595","targetHints":{"allow":["GET"]}}],"collection":[{"href":"https:\/\/fsmcv.org\/vl\/wp-json\/wp\/v2\/posts"}],"about":[{"href":"https:\/\/fsmcv.org\/vl\/wp-json\/wp\/v2\/types\/post"}],"author":[{"embeddable":true,"href":"https:\/\/fsmcv.org\/vl\/wp-json\/wp\/v2\/users\/17"}],"replies":[{"embeddable":true,"href":"https:\/\/fsmcv.org\/vl\/wp-json\/wp\/v2\/comments?post=68595"}],"version-history":[{"count":0,"href":"https:\/\/fsmcv.org\/vl\/wp-json\/wp\/v2\/posts\/68595\/revisions"}],"wp:featuredmedia":[{"embeddable":true,"href":"https:\/\/fsmcv.org\/vl\/wp-json\/wp\/v2\/media\/68584"}],"wp:attachment":[{"href":"https:\/\/fsmcv.org\/vl\/wp-json\/wp\/v2\/media?parent=68595"}],"wp:term":[{"taxonomy":"category","embeddable":true,"href":"https:\/\/fsmcv.org\/vl\/wp-json\/wp\/v2\/categories?post=68595"},{"taxonomy":"post_tag","embeddable":true,"href":"https:\/\/fsmcv.org\/vl\/wp-json\/wp\/v2\/tags?post=68595"}],"curies":[{"name":"wp","href":"https:\/\/api.w.org\/{rel}","templated":true}]}}