{"id":6863,"date":"2017-11-21T16:16:37","date_gmt":"2017-11-21T15:16:37","guid":{"rendered":"https:\/\/fsmcv.org\/?post_type=fsmcv-noticias&#038;p=6863"},"modified":"2021-03-29T19:06:34","modified_gmt":"2021-03-29T17:06:34","slug":"sm-artistica-bunyol-organiza-curso-promocion-clarinete","status":"publish","type":"post","link":"https:\/\/fsmcv.org\/vl\/societats-musicals\/sm-artistica-bunyol-organiza-curso-promocion-clarinete\/","title":{"rendered":"La S.M. L&#8217;Art\u00edstica de Bunyol organitza un Curs de Promoci\u00f3 en Clarinet"},"content":{"rendered":"<p>La S. M. L&#8217;Art\u00edstica, a trav\u00e9s de la seua Escola de M\u00fasica Luis Ayll\u00f3n, en la seua tasca d&#8217;impulsar la formaci\u00f3 musical organitza un Curs de Promoci\u00f3 en Clarinet els pr\u00f2xims 2 i 3 de desembre amb el professor Jos\u00e9 Francisco Ferrer del Real (Orquestra Simf\u00f2nica de la Regi\u00f3 de M\u00farcia).<\/p>\n<p>Este \u00e9s el primer curs d&#8217;una s\u00e8rie de &#8220;cursos promocionals&#8221; que l&#8217;Escola Luis Ayll\u00f3n va a traure per a complementar la formaci\u00f3 dels seus alumnes i els m\u00fasics de la societat que estiguen cursant estudis professionals o superiors, fent extensible l&#8217;oferta a tots els interessats de fora de la societat. En aquest cicle de cursos els grans professionals pertanyents a aquesta societat realitzaran cursos de perfeccionament d&#8217;altres m\u00fasics. S\u00f3n cursos de 2 dies, on es treballar\u00e0 tant el perfeccionament individual com l&#8217;estudi en grups.<\/p>\n<h4>Jos\u00e9 Francisco Ferrer del Real<\/h4>\n<p>Ha sigut primer clarinet de la Orquestra Acad\u00e8mica de Val\u00e8ncia, Jove Orquestra de la Comunitat Valenciana, Jove Orquestra Nacional de Catalunya i de Rotterdam Youth Philharmonic. Tamb\u00e9 col\u00b7labora amb l&#8217;Orquestra Filarmonia d&#8217;Espanya, Orquestra Nacional d&#8217;Espanya, Orquestra Simf\u00f2nica de Bilbao, Orquestra Simf\u00f2nica Europea i Mediterr\u00e0nia, Krashna Muziek Sinfonieorkest (Holanda) i Walter Boeykens Clarinet Choir (B\u00e8lgica). Ha sigut membre reserva de la Jove Orquestra Nacional, de European Union Youth Orchestra i de Gustav Mahler Jugendorchester. Des de gener de 2003 \u00e9s clarinet i requinto de l&#8217;Orquestra Simf\u00f2nica de la Regi\u00f3 de M\u00farcia.<\/p>\n<p>M\u00e9s informaci\u00f3 i inscripcions en Secretaria de la S.M L&#8217;Art\u00edstica de Bunyol, i en el seu local social Rosales. Tf 962500250<\/p>\n","protected":false},"excerpt":{"rendered":"<p>La S. M. L&#8217;Art\u00edstica de Bunyol organitza un Curs de Promoci\u00f3 en Clarinet els pr\u00f2xims 2 i 3 de desembre amb el professor Jos\u00e9 Francisco Ferrer del Real.<\/p>\n","protected":false},"author":2,"featured_media":0,"comment_status":"closed","ping_status":"closed","sticky":false,"template":"","format":"standard","meta":{"footnotes":""},"categories":[56],"tags":[],"class_list":["post-6863","post","type-post","status-publish","format-standard","hentry","category-societats-musicals"],"_links":{"self":[{"href":"https:\/\/fsmcv.org\/vl\/wp-json\/wp\/v2\/posts\/6863","targetHints":{"allow":["GET"]}}],"collection":[{"href":"https:\/\/fsmcv.org\/vl\/wp-json\/wp\/v2\/posts"}],"about":[{"href":"https:\/\/fsmcv.org\/vl\/wp-json\/wp\/v2\/types\/post"}],"author":[{"embeddable":true,"href":"https:\/\/fsmcv.org\/vl\/wp-json\/wp\/v2\/users\/2"}],"replies":[{"embeddable":true,"href":"https:\/\/fsmcv.org\/vl\/wp-json\/wp\/v2\/comments?post=6863"}],"version-history":[{"count":0,"href":"https:\/\/fsmcv.org\/vl\/wp-json\/wp\/v2\/posts\/6863\/revisions"}],"wp:attachment":[{"href":"https:\/\/fsmcv.org\/vl\/wp-json\/wp\/v2\/media?parent=6863"}],"wp:term":[{"taxonomy":"category","embeddable":true,"href":"https:\/\/fsmcv.org\/vl\/wp-json\/wp\/v2\/categories?post=6863"},{"taxonomy":"post_tag","embeddable":true,"href":"https:\/\/fsmcv.org\/vl\/wp-json\/wp\/v2\/tags?post=6863"}],"curies":[{"name":"wp","href":"https:\/\/api.w.org\/{rel}","templated":true}]}}