{"id":6877,"date":"2017-11-23T08:45:28","date_gmt":"2017-11-23T07:45:28","guid":{"rendered":"https:\/\/fsmcv.org\/?post_type=fsmcv-noticias&#038;p=6877"},"modified":"2022-03-09T17:38:40","modified_gmt":"2022-03-09T16:38:40","slug":"el-president-de-la-generalitat-ha-lliurat-els-premis-euterpe-de-la-fsmcv","status":"publish","type":"post","link":"https:\/\/fsmcv.org\/vl\/premis-euterpe\/el-president-de-la-generalitat-ha-lliurat-els-premis-euterpe-de-la-fsmcv\/","title":{"rendered":"El President de la Generalitat ha lliurat els Premis Euterpe de la FSMCV"},"content":{"rendered":"<p><strong>Amb motiu de la celebraci\u00f3 de Santa Cecilia, el President de la Generalitat, Ximo Puig, ha rebut a la Junta Directiva de la Federaci\u00f3 de Societats Musicals de la Comunitat Valenciana (FSMCV) amb la finalitat de lliurar els seus XVIII Premis Euterpe.<\/strong><\/p>\n<p>En l&#8217;acte tamb\u00e9 han estat presents el Conseller d&#8217;Economia, Rafael Climent; el director general del Institut Valenci\u00e0 de Cultura, Abel Guarinos; la directora general adjunta de m\u00fasica i cultura popular, Marga Landete; el president d&#8217;Honor de la FSMCV, \u00c1ngel Asunci\u00f3n; i els expresidents de la FSMCV Vicent Escrich, Santiago Algado i Pepe Almeria.<\/p>\n<p>En aquesta trobada, el president de la FSMCV, Pedro Rodr\u00edguez, ha sol\u00b7licitat a la Generalitat el m\u00e0xim suport i pres\u00e8ncia del Govern valenci\u00e0 en els actes que ha organitzat aquesta entitat per a commemorar el seu 50 aniversari i que s&#8217;estendran en les tres prov\u00edncies de la Comunitat.<\/p>\n<p><em>&#8220;Com tots els anys, Santa Cecilia \u00e9s un dia molt important per als m\u00fasics i el d&#8217;enguany, m\u00e9s si cap. Les Societats Musicals s\u00f3n a punt de ser declarades BIC, la qual cosa \u00e9s un enorme orgull i posar\u00e0 de manifest la tradici\u00f3 musical popular de la Comunitat materialitzada a trav\u00e9s d&#8217;elles, i a\u00e7\u00f2 fa necessari que siga rellan\u00e7ada la Llei Valenciana de la M\u00fasica\u201d,<\/em> ha declarat Rodr\u00edguez.<\/p>\n<p><em>\u201cFa molt temps que els m\u00fasics d&#8217;aquesta terra venim lluitant per un merescut reconeixement social que ens hem guanyat dia a dia, any a any, amb el nostre estudi, treball i esfor\u00e7. La creaci\u00f3 de la Federaci\u00f3, fa ara 50 anys, s&#8217;ent\u00e9n com el mitj\u00e0 que aquests m\u00fasics van idear per a aconseguir la meta d&#8217;aquest reconeixement\u201d,<\/em> ha afegit el president de la FSMCV.<\/p>\n<p>Els Premis Euterpe s\u00f3n convocats per la FSMCV anualment amb la finalitat d&#8217;homenatjar a la m\u00fasica valenciana i d&#8217;establir una millor i m\u00e9s flu\u00efda comunicaci\u00f3 amb les diferents entitats pol\u00edtiques, socials, econ\u00f2miques i amb el p\u00fablic, en general. Amb aquests premis, la FSMCV pret\u00e9n mantenir un esfor\u00e7 col\u00b7lectiu que siga mereixedor d&#8217;un reconeixement cada vegada major no solament dels candidats i els premiats, sin\u00f3 de tots aquells que aposten decididament per mantenir, impulsar i desenvolupar la cultura musical valenciana.<\/p>\n<p>El President de la Generalitat ha fet lliurament d&#8217;aquests guardons a:<\/p>\n<p>\u2013 <strong>Premi Euterpe a la participaci\u00f3 federal:<\/strong> Uni\u00f3 Musical de Muro (Alacant)<br \/>\n\u2013 <strong>Premi Euterpe a la dedicaci\u00f3 a la seua Societat Musical:<\/strong> Eduardo Aracil Monllor (Societat Uni\u00f3 Musical i Art\u00edstica de Sax) ex aequo amb Ram\u00f3n Hern\u00e1ndez Yago (Banda Simf\u00f2nica Cercle Cat\u00f2lic de Torrent)<br \/>\n\u2013 <strong>Premi Euterpe a la instituci\u00f3 o empresa p\u00fablica o privada:<\/strong> Ajuntament de Ll\u00edria<br \/>\n\u2013 <strong>Premi Euterpe extraordinari de la Junta Directiva:<\/strong> Juan Vicente Mateu Alemany<\/p>\n<p>En aquest acte el president de la FSMCV ha agra\u00eft a la Conselleria de Economia que haja obert les seues portes al col\u00b7lectiu i la seua predisposici\u00f3 per a escoltar les propostes de la Federaci\u00f3, que apunten cap a un nou model econ\u00f2mic per a entitats com les societats musicals que utilitze elements de l&#8217;economia social. Al costat d&#8217;a\u00e7\u00f2, ha agra\u00eft al President de la Generalitat la seua participaci\u00f3 en aquest acte, que manifesta una implicaci\u00f3 sense precedents fins al moment del Govern Valenci\u00e0 amb la FSMCV.<\/p>\n<p>L&#8217;acte ha sigut clausurat amb un concert de la Jove Banda Simf\u00f2nica de la FSMCV, dirigida per Pere Vicalet, que ha interpretat peces de compositors valencians i obres molt vinculades a la nostra Comunitat i a les Societats Musicals com s\u00f3n el cercaviles X\u00e0bia, Yakka o M\u00fasica i Poble de Ferrer Ferran.<\/p>\n<p><img fetchpriority=\"high\" decoding=\"async\" class=\"aligncenter size-large wp-image-6876\" src=\"https:\/\/fsmcv.org\/BTnet-storage\/wp-uploads\/2017\/11\/image_9-1024x683.jpg\" alt=\"\" width=\"1024\" height=\"683\" title=\"\"><\/p>\n<p style=\"text-align: center;\">La Jove Banda Simf\u00f2nica de la FSMCV, dirigida per Pere Vicalet, durant el seu concert en el Palau de la Generalitat en el lliurament dels 18 Premis Euterpe<\/p>\n<h3>La FSMCV en xifres<\/h3>\n<p>La FSMCV agrupa a 547 societats musicals i les seues escoles de m\u00fasica (el 50% d&#8217;Espanya), compta amb 40.000 m\u00fasics, 60.000 alumnes i m\u00e9s de 200.000 socis. Les Societats Musicals estan presents en el 95% dels municipis d&#8217;Alacant, Castell\u00f3 i Val\u00e8ncia de m\u00e9s de 500 habitants, conformen un projecte social i educatiu \u00fanic en el m\u00f3n i s\u00f3n el principal agent cultural de la Comunitat Valenciana segons la Universitat de Val\u00e8ncia.<\/p>\n<p>En 2018 celebra el seu 50 aniversari i per a a\u00e7\u00f2 t\u00e9 previst, entre altres activitats, batre almenys 3 R\u00e8cords Guinness el pr\u00f2xim any: la major desfilada de bandes de m\u00fasica mai realitzat, la major banda de m\u00fasica del m\u00f3n i la major lli\u00e7\u00f3 de m\u00fasica del m\u00f3n.<\/p>\n","protected":false},"excerpt":{"rendered":"<p>Els guardonats per aquests premis, que concedeix anualment la FSMCV per a homenatjar a la m\u00fasica valenciana i recon\u00e8ixer a aquells que impulsen la nostra cultura musical, han sigut la Uni\u00f3 Musical de Muro, Eduardo Aracil Monllor (Societat Uni\u00f3 Musical i Art\u00edstica de Sax) ex aequo amb Ram\u00f3n Hern\u00e1ndez Yago (Banda Simf\u00f2nica Cercle Cat\u00f2lic de Torrent), l&#8217;Ajuntament de Ll\u00edria i Juan Vicente Mateu Alemany<\/p>\n","protected":false},"author":2,"featured_media":38468,"comment_status":"closed","ping_status":"closed","sticky":false,"template":"","format":"standard","meta":{"footnotes":""},"categories":[33,89],"tags":[],"class_list":["post-6877","post","type-post","status-publish","format-standard","has-post-thumbnail","hentry","category-premis-euterpe","category-premis-euterpe-2017"],"_links":{"self":[{"href":"https:\/\/fsmcv.org\/vl\/wp-json\/wp\/v2\/posts\/6877","targetHints":{"allow":["GET"]}}],"collection":[{"href":"https:\/\/fsmcv.org\/vl\/wp-json\/wp\/v2\/posts"}],"about":[{"href":"https:\/\/fsmcv.org\/vl\/wp-json\/wp\/v2\/types\/post"}],"author":[{"embeddable":true,"href":"https:\/\/fsmcv.org\/vl\/wp-json\/wp\/v2\/users\/2"}],"replies":[{"embeddable":true,"href":"https:\/\/fsmcv.org\/vl\/wp-json\/wp\/v2\/comments?post=6877"}],"version-history":[{"count":0,"href":"https:\/\/fsmcv.org\/vl\/wp-json\/wp\/v2\/posts\/6877\/revisions"}],"wp:featuredmedia":[{"embeddable":true,"href":"https:\/\/fsmcv.org\/vl\/wp-json\/wp\/v2\/media\/38468"}],"wp:attachment":[{"href":"https:\/\/fsmcv.org\/vl\/wp-json\/wp\/v2\/media?parent=6877"}],"wp:term":[{"taxonomy":"category","embeddable":true,"href":"https:\/\/fsmcv.org\/vl\/wp-json\/wp\/v2\/categories?post=6877"},{"taxonomy":"post_tag","embeddable":true,"href":"https:\/\/fsmcv.org\/vl\/wp-json\/wp\/v2\/tags?post=6877"}],"curies":[{"name":"wp","href":"https:\/\/api.w.org\/{rel}","templated":true}]}}