{"id":69324,"date":"2023-10-30T16:58:20","date_gmt":"2023-10-30T15:58:20","guid":{"rendered":"https:\/\/fsmcv.org\/certamens\/concert-literari-del-centre-musical-de-beniopa-gandia\/"},"modified":"2023-10-30T17:00:30","modified_gmt":"2023-10-30T16:00:30","slug":"concert-literari-del-centre-musical-de-beniopa-gandia","status":"publish","type":"post","link":"https:\/\/fsmcv.org\/vl\/societats-musicals\/concert-literari-del-centre-musical-de-beniopa-gandia\/","title":{"rendered":"Concert literari del Centre Musical de Beniopa &#8211; Gandia"},"content":{"rendered":"\n<p>Em complau convidar-los al nostre segon concert d\u2019aquesta temporada 2023-2024, un CONCERT LITERARI, el qual tindr\u00e0 lloc el pr\u00f2xim <strong>diumenge dia 5 d\u2019octubre, a les 19.00 hores, al Teatre Serrano de Gandia<\/strong>, amb entrada lliure.<\/p>\n\n<p>La banda gran del Centre Musical de Beniopa els oferir\u00e0 un programa versat sobre 2 personatges famosos de la hist\u00f2ria, un cavaller com Tirant lo Blanc i un general com Hann\u00edbal, amb diferents peces que ens transportaran a l\u2019\u00e8poca ambientada en la hist\u00f2ria d\u2019aquests personatges i ens narraran la seua vida.<\/p>\n\n<p>Aquest concert s\u2019emmarca dins de la campanya <em>\u201cTardor Liter\u00e0ria\u201d,<\/em> promoguda per l\u2019Ajuntament de Gandia i les Biblioteques de Gandia, i respaldada per la Diputaci\u00f3 de Val\u00e8ncia, Radio Gandia SER, Telesafor i el SARC, amb l\u2019objectiu de donar a con\u00e8ixer obres musicals basades en la literatura.<\/p>\n\n<p>Esperem comptar amb la vostra pres\u00e8ncia i que siga del vostre gust el concert que, amb tant d\u2019esfor\u00e7 i dedicaci\u00f3, estem preparant.<\/p>\n\n<p><\/p>\n","protected":false},"excerpt":{"rendered":"<p>Em complau convidar-los al nostre segon concert d\u2019aquesta temporada 2023-2024, un CONCERT LITERARI, el qual tindr\u00e0 lloc el pr\u00f2xim diumenge dia 5 d\u2019octubre, a les 19.00 hores, al Teatre Serrano de Gandia, amb entrada lliure. La banda gran del Centre Musical de Beniopa els oferir\u00e0 un programa versat sobre 2 personatges famosos de la hist\u00f2ria, [&hellip;]<\/p>\n","protected":false},"author":17,"featured_media":69322,"comment_status":"open","ping_status":"closed","sticky":false,"template":"","format":"standard","meta":{"footnotes":""},"categories":[56],"tags":[],"class_list":["post-69324","post","type-post","status-publish","format-standard","has-post-thumbnail","hentry","category-societats-musicals"],"_links":{"self":[{"href":"https:\/\/fsmcv.org\/vl\/wp-json\/wp\/v2\/posts\/69324","targetHints":{"allow":["GET"]}}],"collection":[{"href":"https:\/\/fsmcv.org\/vl\/wp-json\/wp\/v2\/posts"}],"about":[{"href":"https:\/\/fsmcv.org\/vl\/wp-json\/wp\/v2\/types\/post"}],"author":[{"embeddable":true,"href":"https:\/\/fsmcv.org\/vl\/wp-json\/wp\/v2\/users\/17"}],"replies":[{"embeddable":true,"href":"https:\/\/fsmcv.org\/vl\/wp-json\/wp\/v2\/comments?post=69324"}],"version-history":[{"count":0,"href":"https:\/\/fsmcv.org\/vl\/wp-json\/wp\/v2\/posts\/69324\/revisions"}],"wp:featuredmedia":[{"embeddable":true,"href":"https:\/\/fsmcv.org\/vl\/wp-json\/wp\/v2\/media\/69322"}],"wp:attachment":[{"href":"https:\/\/fsmcv.org\/vl\/wp-json\/wp\/v2\/media?parent=69324"}],"wp:term":[{"taxonomy":"category","embeddable":true,"href":"https:\/\/fsmcv.org\/vl\/wp-json\/wp\/v2\/categories?post=69324"},{"taxonomy":"post_tag","embeddable":true,"href":"https:\/\/fsmcv.org\/vl\/wp-json\/wp\/v2\/tags?post=69324"}],"curies":[{"name":"wp","href":"https:\/\/api.w.org\/{rel}","templated":true}]}}