{"id":69337,"date":"2023-10-31T11:51:21","date_gmt":"2023-10-31T10:51:21","guid":{"rendered":"https:\/\/fsmcv.org\/certamens\/coneix-als-guanyadors-de-la-ix-edicio-del-concurs-de-composicio-didactica-de-la-provincia-dalacant-2023\/"},"modified":"2023-10-31T16:40:00","modified_gmt":"2023-10-31T15:40:00","slug":"coneix-als-guanyadors-de-la-ix-edicio-del-concurs-de-composicio-didactica-de-la-provincia-dalacant-2023","status":"publish","type":"post","link":"https:\/\/fsmcv.org\/vl\/convocatories-publiques\/coneix-als-guanyadors-de-la-ix-edicio-del-concurs-de-composicio-didactica-de-la-provincia-dalacant-2023\/","title":{"rendered":"Coneix als guanyadors de la IX Edici\u00f3 del Concurs de Composici\u00f3 Did\u00e0ctica de la Prov\u00edncia d&#8217;Alacant 2023"},"content":{"rendered":"\n<p>Ja coneixem els guanyadors de la <strong>IX Edici\u00f3 del Concurs de Composici\u00f3 Did\u00e0ctica de la Prov\u00edncia d&#8217;Alacant per a Banda de M\u00fasica de 2023<\/strong> que la Federaci\u00f3 de Societats Musicals de la Comunitat Valenciana (FSMCV) convoca anualment, amb el suport de la Diputaci\u00f3 d&#8217;Alacant.<\/p>\n\n<p>El jurat reunit ha acordat atorgar per UNANIMITAT els seg\u00fcents premis:<\/p>\n\n<p>El <strong>PRIMER PREMI,<\/strong> dotat amb 3.000,00 euros, ha sigut per a \u201c<strong>ARTEM\u00cdSIA<\/strong>\u201d, de l&#8217;autor <strong>Xavier<\/strong> <strong>Ferrer i Garrigues.<\/strong> Com a part de les condicions de participaci\u00f3, l&#8217;autor autoritzar\u00e0 les societats musicals de la Comunitat Valenciana a interpretar la seua composici\u00f3 en el marc del pr\u00f2xim <strong>FESTIVAL M\u00daSICA Y FAMILIA<\/strong> organitzat per la FSMCV. A m\u00e9s, \u201c<strong>ARTEMISIA<\/strong>\u201d s&#8217;editar\u00e0 sota el segell editorial federal \u201c<em>FSMCV Edicions<\/em>\u201d per a la seua major difusi\u00f3 i divulgaci\u00f3 dins del col\u00b7lectiu de les Societats Musicals de la Comunitat Valenciana.<\/p>\n\n<p>A m\u00e9s, s&#8217;ha entregat un <strong>PREMI ACCESIT<\/strong> dotat amb 1.000,00 euros a \u201c<strong>L\u2019AVENTURA DEL DOCTOR BALMIS<\/strong>\u201d, de l&#8217;autor: <strong>Josep Domenec Cano Graci\u00e0<\/strong>, obra que tamb\u00e9 ser\u00e0 editada pel segell de la Federaci\u00f3 per a la seua m\u00e0xima difusi\u00f3.<\/p>\n\n<p>El jurat de la present Edici\u00f3 ha estat compost per:<\/p>\n\n<p><strong>D. JUAN ANTONIO ESPINOSA ZARAGOZA.<\/strong><\/p>\n\n<p><strong>Benidorm.<\/strong><\/p>\n\n<p>Professor titular de piano Conservatori Professional Alacant. Ha sigut 11 anys professor ASO del departament de Did\u00e0ctica General i Especifiques de la Universitat d&#8217;Alacant. Director de Banda i Orquestra de la Societat Musical La Paz de Sant Joan d&#8217;Alacant.<\/p>\n\n<p><strong>D. PEDRO SALINAS ROBLES.<\/strong><\/p>\n\n<p><strong>Requenense establit a La Vila Joiosa.<\/strong><\/p>\n\n<p>Compositor. Professor del Conservatori Professional de Benidorm. Premiat en 8 concursos internacionals de composici\u00f3.<\/p>\n\n<p><strong>D. \u00d3SCAR SEMPERE FRANC\u00c9S.<\/strong><\/p>\n\n<p><strong>Banyeres de Mariola.<\/strong><\/p>\n\n<p>Director i compositor, premiat en 13 concursos nacionals i internacionals de composici\u00f3. Director fundador de l&#8217;escola de composici\u00f3 de Cullar- Basa.<\/p>\n\n<p><\/p>\n\n<p><\/p>\n\n<p>Enhorabona als premiats<\/p>\n","protected":false},"excerpt":{"rendered":"<p>Ja coneixem els guanyadors de la IX Edici\u00f3 del Concurs de Composici\u00f3 Did\u00e0ctica de la Prov\u00edncia d&#8217;Alacant per a Banda de M\u00fasica de 2023 que la Federaci\u00f3 de Societats Musicals de la Comunitat Valenciana (FSMCV) convoca anualment, amb el suport de la Diputaci\u00f3 d&#8217;Alacant. El jurat reunit ha acordat atorgar per UNANIMITAT els seg\u00fcents premis: [&hellip;]<\/p>\n","protected":false},"author":7,"featured_media":38439,"comment_status":"open","ping_status":"closed","sticky":false,"template":"","format":"standard","meta":{"footnotes":""},"categories":[234,45],"tags":[528,612,611,613],"class_list":["post-69337","post","type-post","status-publish","format-standard","has-post-thumbnail","hentry","category-certamens","category-convocatories-publiques","tag-alacant","tag-composicio","tag-concurs","tag-didactica-vl"],"_links":{"self":[{"href":"https:\/\/fsmcv.org\/vl\/wp-json\/wp\/v2\/posts\/69337","targetHints":{"allow":["GET"]}}],"collection":[{"href":"https:\/\/fsmcv.org\/vl\/wp-json\/wp\/v2\/posts"}],"about":[{"href":"https:\/\/fsmcv.org\/vl\/wp-json\/wp\/v2\/types\/post"}],"author":[{"embeddable":true,"href":"https:\/\/fsmcv.org\/vl\/wp-json\/wp\/v2\/users\/7"}],"replies":[{"embeddable":true,"href":"https:\/\/fsmcv.org\/vl\/wp-json\/wp\/v2\/comments?post=69337"}],"version-history":[{"count":0,"href":"https:\/\/fsmcv.org\/vl\/wp-json\/wp\/v2\/posts\/69337\/revisions"}],"wp:featuredmedia":[{"embeddable":true,"href":"https:\/\/fsmcv.org\/vl\/wp-json\/wp\/v2\/media\/38439"}],"wp:attachment":[{"href":"https:\/\/fsmcv.org\/vl\/wp-json\/wp\/v2\/media?parent=69337"}],"wp:term":[{"taxonomy":"category","embeddable":true,"href":"https:\/\/fsmcv.org\/vl\/wp-json\/wp\/v2\/categories?post=69337"},{"taxonomy":"post_tag","embeddable":true,"href":"https:\/\/fsmcv.org\/vl\/wp-json\/wp\/v2\/tags?post=69337"}],"curies":[{"name":"wp","href":"https:\/\/api.w.org\/{rel}","templated":true}]}}