{"id":69348,"date":"2023-10-31T13:48:58","date_gmt":"2023-10-31T12:48:58","guid":{"rendered":"https:\/\/fsmcv.org\/?p=69348"},"modified":"2024-01-28T07:06:48","modified_gmt":"2024-01-28T06:06:48","slug":"teulada-moraira-acull-la-55-assemblea-general-de-la-federacio-de-societats-musicals-de-la-comunitat-valenciana","status":"publish","type":"post","link":"https:\/\/fsmcv.org\/vl\/assemblees-generals-vl\/teulada-moraira-acull-la-55-assemblea-general-de-la-federacio-de-societats-musicals-de-la-comunitat-valenciana\/","title":{"rendered":"Teulada Moraira acull la 55 Assemblea General de la Federaci\u00f3 de Societats Musicals de la Comunitat Valenciana"},"content":{"rendered":"\n<p>L&#8217;Auditori Teulada Moraira acollir\u00e0 el pr\u00f2xim dissabte, 4 de novembre, l&#8217;Assemblea General que reuneix a totes les agrupacions que integren la Federaci\u00f3 de Societats Musicals de la Comunitat Valenciana.<\/p>\n\n<p>En este segon acte assembleari de 2023 estan convocades de nou les 547 societats musicals federades per a fer balan\u00e7 del present exercici i votar els pressupostos del pr\u00f2xim curs. Aix\u00ed mateix, es fallaran els premis Euterpe d&#8217;enguany i es decidir\u00e0 la nova seu assemble\u00e0ria per a tardor de 2024. Este nou conclave posar\u00e0 de manifest la for\u00e7a vertebradora del moviment, present en el 95% dels territoris valencians de m\u00e9s de 500 habitants.<\/p>\n\n<figure class=\"wp-block-image size-large\"><img decoding=\"async\" src=\"https:\/\/fsmcv.org\/wp-content\/uploads\/2023\/10\/Cartel_cast-1-724x1024.jpg\" alt=\"\" class=\"wp-image-69345\" title=\"\"><\/figure>\n\n<p>Tamb\u00e9 es reconeixer\u00e0 la traject\u00f2ria i l&#8217;antiguitat d&#8217;aquelles societats musicals que han complit durant 2023 aniversaris rellevants de m\u00e9s de 25 anys d&#8217;exist\u00e8ncia. Dins del moviment, prop del 30% de les societats musicals tenen m\u00e9s de 100 anys d&#8217;hist\u00f2ria, algunes arribant a sobrepassar els 200 anys.<\/p>\n\n<p>\u00abCoincidint amb el 50 aniversari de l&#8217;Agrupaci\u00f3n Musical de Teulada esta \u00e9s una trobada, si cap, molt m\u00e9s especial, en el qual no sols celebrem la m\u00fasica que sona en el nostre municipi, sin\u00f3 que tamb\u00e9 fem extensiu este sentiment a la resta d&#8217;agrupacions musicals de la Comunitat Valenciana\u00bb, apunta l&#8217;alcalde de Teulada Moraira,Ra\u00fal Llobell Signes.<\/p>\n\n<p>\u00abLa Marina Alta \u00e9s una comarca amb una enorme tradici\u00f3 musical i una efervesc\u00e8ncia de m\u00fasics extraordin\u00e0ria. \u00c9s un honor i un plaer que Teulada Moraira siga l&#8217;epicentre del nostre col\u00b7lectiu amb l&#8217;Assemblea General, per a l&#8217;organitzaci\u00f3 de la qual hem comptat amb la inestimable col\u00b7laboraci\u00f3 del Consistori i l&#8217;Auditori de Teulada Moraira, aix\u00ed com de la demarcaci\u00f3 comarcal de la Federaci\u00f3 i de l&#8217;Agrupaci\u00f3n Musical Cultural de Teulada\u00bb, apunta la presidenta de FSMCV, Daniela Gonz\u00e1lez.<\/p>\n\n<p><strong>Premis Euterpe &#8211; \u00c1ngel Asunci\u00f3n<\/strong><\/p>\n\n<p>Al final de la trobada es produir\u00e0 un dels moments m\u00e9s esperats de cada Assemblea General de FSMCV: la proclamaci\u00f3 dels Premis Euterpe, que a partir d&#8217;esta edici\u00f3 inclouen el nom d&#8217;\u00c1ngel Asunci\u00f3n, l&#8217;hist\u00f2ric dirigent i cofundador de la Federaci\u00f3. <\/p>\n\n<figure class=\"wp-block-image size-full\"><img fetchpriority=\"high\" decoding=\"async\" width=\"2048\" height=\"1365\" src=\"https:\/\/fsmcv.org\/wp-content\/uploads\/2023\/10\/Trobada-1-1-scaled.jpg\" alt=\"\" class=\"wp-image-70871\" title=\"\" srcset=\"https:\/\/fsmcv.org\/wp-content\/uploads\/2023\/10\/Trobada-1-1-scaled.jpg 2048w, https:\/\/fsmcv.org\/wp-content\/uploads\/2023\/10\/Trobada-1-1-768x512.jpg 768w, https:\/\/fsmcv.org\/wp-content\/uploads\/2023\/10\/Trobada-1-1-391x260.jpg 391w, https:\/\/fsmcv.org\/wp-content\/uploads\/2023\/10\/Trobada-1-1-1536x1024.jpg 1536w, https:\/\/fsmcv.org\/wp-content\/uploads\/2023\/10\/Trobada-1-1-600x400.jpg 600w\" sizes=\"(max-width: 2048px) 100vw, 2048px\" \/><\/figure>\n\n<p><strong>Trobada de Bandes de M\u00fasica de la Marina Alta<\/strong><\/p>\n\n<p>Despr\u00e9s de la jornada assemble\u00e0ria, Teulada Moraira acollir\u00e0 una nova Trobada de Bandes de M\u00fasica de la Marina Alta, la segona que celebra enguany la comarca. La trobada comptar\u00e0 amb la participaci\u00f3 de 21 societats musicals i reunir\u00e0 m\u00e9s de 650 m\u00fasics en la vesprada del dissabte, a partir de les 17.30 hores, quan les agrupacions partiran en desfilada des de l&#8217;auditori per a finalitzar en la Pla\u00e7a de l&#8217;Ajuntament. <\/p>\n\n<p><strong>Sobre la FSMCV<\/strong><\/p>\n\n<p>La Federaci\u00f3 de Societats Musicals de la Comunitat Valenciana est\u00e0 integrada actualment per 547 societats musicals, que amb les seues respectives escoles de m\u00fasica reuneixen m\u00e9s de 47.000 m\u00fasics, 60.000 alumnes i m\u00e9s de 200.000 associats. Amb una de les masses de voluntaris m\u00e9s \u00e0mplies d&#8217;Espanya i amb m\u00e9s de la meitat de bandes de m\u00fasica existents al nostre pa\u00eds, el moviment de les societats musicals de la Comunitat Valenciana constitueix un moviment art\u00edstic, social i educatiu, considerat \u00fanic en el m\u00f3n Per aix\u00f2, les societats musicals de la Comunitat Valenciana han sigut reconegudes com a B\u00e9 d&#8217;Inter\u00e9s Cultural Immaterial (BIC) i Manifestaci\u00f3 Representativa del Patrimoni Cultural Immaterial a Espanya.<\/p>\n","protected":false},"excerpt":{"rendered":"<p>L&#8217;Auditori Teulada Moraira acollir\u00e0 el pr\u00f2xim dissabte, 4 de novembre, l&#8217;Assemblea General que reuneix a totes les agrupacions que integren la Federaci\u00f3 de Societats Musicals de la Comunitat Valenciana. En este segon acte assembleari de 2023 estan convocades de nou les 547 societats musicals federades per a fer balan\u00e7 del present exercici i votar els [&hellip;]<\/p>\n","protected":false},"author":9,"featured_media":69342,"comment_status":"open","ping_status":"closed","sticky":false,"template":"","format":"standard","meta":{"footnotes":""},"categories":[289],"tags":[],"class_list":["post-69348","post","type-post","status-publish","format-standard","has-post-thumbnail","hentry","category-assemblees-generals-vl"],"_links":{"self":[{"href":"https:\/\/fsmcv.org\/vl\/wp-json\/wp\/v2\/posts\/69348","targetHints":{"allow":["GET"]}}],"collection":[{"href":"https:\/\/fsmcv.org\/vl\/wp-json\/wp\/v2\/posts"}],"about":[{"href":"https:\/\/fsmcv.org\/vl\/wp-json\/wp\/v2\/types\/post"}],"author":[{"embeddable":true,"href":"https:\/\/fsmcv.org\/vl\/wp-json\/wp\/v2\/users\/9"}],"replies":[{"embeddable":true,"href":"https:\/\/fsmcv.org\/vl\/wp-json\/wp\/v2\/comments?post=69348"}],"version-history":[{"count":0,"href":"https:\/\/fsmcv.org\/vl\/wp-json\/wp\/v2\/posts\/69348\/revisions"}],"wp:featuredmedia":[{"embeddable":true,"href":"https:\/\/fsmcv.org\/vl\/wp-json\/wp\/v2\/media\/69342"}],"wp:attachment":[{"href":"https:\/\/fsmcv.org\/vl\/wp-json\/wp\/v2\/media?parent=69348"}],"wp:term":[{"taxonomy":"category","embeddable":true,"href":"https:\/\/fsmcv.org\/vl\/wp-json\/wp\/v2\/categories?post=69348"},{"taxonomy":"post_tag","embeddable":true,"href":"https:\/\/fsmcv.org\/vl\/wp-json\/wp\/v2\/tags?post=69348"}],"curies":[{"name":"wp","href":"https:\/\/api.w.org\/{rel}","templated":true}]}}