{"id":69647,"date":"2023-11-13T09:56:34","date_gmt":"2023-11-13T08:56:34","guid":{"rendered":"https:\/\/fsmcv.org\/certamens\/resolucio-de-subvencions-destinades-a-conservatoris-municipals-centres-autoritzats-i-centres-integrats-densenyaments-generals-i-ensenyaments-artistics-elementals-o-professionals-de-musica-i-de-da\/"},"modified":"2023-11-13T10:03:59","modified_gmt":"2023-11-13T09:03:59","slug":"resolucio-de-subvencions-destinades-a-conservatoris-municipals-centres-autoritzats-i-centres-integrats-densenyaments-generals-i-ensenyaments-artistics-elementals-o-professionals-de-musica-i-de-da","status":"publish","type":"post","link":"https:\/\/fsmcv.org\/vl\/convocatories-publiques\/resolucio-de-subvencions-destinades-a-conservatoris-municipals-centres-autoritzats-i-centres-integrats-densenyaments-generals-i-ensenyaments-artistics-elementals-o-professionals-de-musica-i-de-da\/","title":{"rendered":"RESOLUCI\u00d3N subvenciones destinadas a conservatorios municipales, centros autorizados y centros integrados de ense\u00f1anzas generales y ense\u00f1anzas art\u00edsticas, elementales o profesionales, de M\u00fasica y de Danza, para el ejercicio 2023."},"content":{"rendered":"\n<p><strong>RESOLUCI\u00d3<\/strong> de 8 de novembre de 2023, de la Direcci\u00f3 General de Centres Docents, per la qual es concedeixen les <strong>subvencions a conservatoris municipals, centres autoritzats i centres integrats d&#8217;ensenyaments generals i ensenyaments art\u00edstics, elementals o professionals, de M\u00fasica i de Dansa, per a l&#8217;exercici 2023.<\/strong><\/p>\n\n<div data-wp-interactive=\"core\/file\" class=\"wp-block-file\"><object data-wp-bind--hidden=\"!state.hasPdfPreview\" hidden class=\"wp-block-file__embed\" data=\"https:\/\/fsmcv.org\/wp-content\/uploads\/2023\/11\/DOGV-R1.pdf\" type=\"application\/pdf\" style=\"width:100%;height:600px\" aria-label=\"Embed of DOGV-R1.\"><\/object><a id=\"wp-block-file--media-01729bd2-79eb-4871-b824-69f0890d11f6\" href=\"https:\/\/fsmcv.org\/wp-content\/uploads\/2023\/11\/DOGV-R1.pdf\">DOGV-R1<\/a><a href=\"https:\/\/fsmcv.org\/wp-content\/uploads\/2023\/11\/DOGV-R1.pdf\" class=\"wp-block-file__button wp-element-button\" download=\"\" aria-describedby=\"wp-block-file--media-01729bd2-79eb-4871-b824-69f0890d11f6\">Desc\u00e0rrega<\/a><\/div>\n","protected":false},"excerpt":{"rendered":"<p>RESOLUCI\u00d3 de 8 de novembre de 2023, de la Direcci\u00f3 General de Centres Docents, per la qual es concedeixen les subvencions a conservatoris municipals, centres autoritzats i centres integrats d&#8217;ensenyaments generals i ensenyaments art\u00edstics, elementals o professionals, de M\u00fasica i de Dansa, per a l&#8217;exercici 2023.<\/p>\n","protected":false},"author":17,"featured_media":63687,"comment_status":"open","ping_status":"closed","sticky":false,"template":"","format":"standard","meta":{"footnotes":""},"categories":[45],"tags":[],"class_list":["post-69647","post","type-post","status-publish","format-standard","has-post-thumbnail","hentry","category-convocatories-publiques"],"_links":{"self":[{"href":"https:\/\/fsmcv.org\/vl\/wp-json\/wp\/v2\/posts\/69647","targetHints":{"allow":["GET"]}}],"collection":[{"href":"https:\/\/fsmcv.org\/vl\/wp-json\/wp\/v2\/posts"}],"about":[{"href":"https:\/\/fsmcv.org\/vl\/wp-json\/wp\/v2\/types\/post"}],"author":[{"embeddable":true,"href":"https:\/\/fsmcv.org\/vl\/wp-json\/wp\/v2\/users\/17"}],"replies":[{"embeddable":true,"href":"https:\/\/fsmcv.org\/vl\/wp-json\/wp\/v2\/comments?post=69647"}],"version-history":[{"count":0,"href":"https:\/\/fsmcv.org\/vl\/wp-json\/wp\/v2\/posts\/69647\/revisions"}],"wp:featuredmedia":[{"embeddable":true,"href":"https:\/\/fsmcv.org\/vl\/wp-json\/wp\/v2\/media\/63687"}],"wp:attachment":[{"href":"https:\/\/fsmcv.org\/vl\/wp-json\/wp\/v2\/media?parent=69647"}],"wp:term":[{"taxonomy":"category","embeddable":true,"href":"https:\/\/fsmcv.org\/vl\/wp-json\/wp\/v2\/categories?post=69647"},{"taxonomy":"post_tag","embeddable":true,"href":"https:\/\/fsmcv.org\/vl\/wp-json\/wp\/v2\/tags?post=69647"}],"curies":[{"name":"wp","href":"https:\/\/api.w.org\/{rel}","templated":true}]}}