{"id":69902,"date":"2023-11-17T12:20:37","date_gmt":"2023-11-17T11:20:37","guid":{"rendered":"https:\/\/fsmcv.org\/certamens\/iii-concurs-de-composicio-de-pasdobles-la-nucia-2024\/"},"modified":"2023-11-17T12:29:06","modified_gmt":"2023-11-17T11:29:06","slug":"iii-concurs-de-composicio-de-pasdobles-la-nucia-2024","status":"publish","type":"post","link":"https:\/\/fsmcv.org\/vl\/convocatories-publiques\/iii-concurs-de-composicio-de-pasdobles-la-nucia-2024\/","title":{"rendered":"III CONCURS DE COMPOSICI\u00d3 DE PASDOBLES LA NUCIA 2024"},"content":{"rendered":"\n<p><strong>La <em>Uni\u00f3 Musical<\/em> de La Nucia i la Regidoria de Cultura han convocat el \u201cIII Concurs de Composici\u00f3 de Pasdobles de La Nucia\u201d.<\/strong><\/p>\n\n<p>En esta tercera edici\u00f3 del concurs podran participar tots els compositors que ho desitgen.<strong>Les composicions presentades hauran de ser originals i in\u00e8dites i no podran haver sigut interpretats p\u00fablicament anteriorment.<\/strong> La composici\u00f3 musical ser\u00e0 en modalitat de pasdoble de concert, sense text literari i instrumentat com detallen les bases.<\/p>\n\n<p>El jurat estar\u00e0 format per tres personalitats de reconegut prestigi musical, que <strong>seleccionaran un m\u00e0xim de quatre composicions del total de les obres presentades<\/strong>, que tindran consideraci\u00f3 de finalistes.<\/p>\n\n<p>Els quatre <strong>pasdobles finalistes seran interpretats per la banda de la Uni\u00f3 Musical La Nucia durant un concert programat per al dissabte 18 de maig de 2024 en el <em>Auditori La Nucia<\/em>.<\/strong> En finalitzar el concert i despr\u00e9s de la pertinent reuni\u00f3 del jurat es far\u00e0 p\u00fablic el guanyador de l&#8217;III Concurs de Composici\u00f3 de Pasdobles de La Nucia. <\/p>\n\n<p><a href=\"https:\/\/culturalanucia.com\/wp-content\/uploads\/2023\/11\/Concurso-composicion-2024.pdf\" target=\"_blank\" rel=\"noopener\"><strong>Bases<\/strong> <strong>III Concurs de Composici\u00f3 de Pasdobles de La Nucia<\/strong><\/a><\/p>\n\n<figure class=\"wp-block-image aligncenter size-large\"><img decoding=\"async\" src=\"https:\/\/fsmcv.org\/wp-content\/uploads\/2023\/11\/A3-comp-UMLN-2023-WEB-724x1024.jpg\" alt=\"\" class=\"wp-image-69898\" title=\"\"><\/figure>\n","protected":false},"excerpt":{"rendered":"<p>La Uni\u00f3 Musical de La Nucia i la Regidoria de Cultura han convocat el \u201cIII Concurs de Composici\u00f3 de Pasdobles de La Nucia\u201d. En esta tercera edici\u00f3 del concurs podran participar tots els compositors que ho desitgen.Les composicions presentades hauran de ser originals i in\u00e8dites i no podran haver sigut interpretats p\u00fablicament anteriorment. La composici\u00f3 [&hellip;]<\/p>\n","protected":false},"author":17,"featured_media":69899,"comment_status":"open","ping_status":"closed","sticky":false,"template":"","format":"standard","meta":{"footnotes":""},"categories":[45],"tags":[],"class_list":["post-69902","post","type-post","status-publish","format-standard","has-post-thumbnail","hentry","category-convocatories-publiques"],"_links":{"self":[{"href":"https:\/\/fsmcv.org\/vl\/wp-json\/wp\/v2\/posts\/69902","targetHints":{"allow":["GET"]}}],"collection":[{"href":"https:\/\/fsmcv.org\/vl\/wp-json\/wp\/v2\/posts"}],"about":[{"href":"https:\/\/fsmcv.org\/vl\/wp-json\/wp\/v2\/types\/post"}],"author":[{"embeddable":true,"href":"https:\/\/fsmcv.org\/vl\/wp-json\/wp\/v2\/users\/17"}],"replies":[{"embeddable":true,"href":"https:\/\/fsmcv.org\/vl\/wp-json\/wp\/v2\/comments?post=69902"}],"version-history":[{"count":0,"href":"https:\/\/fsmcv.org\/vl\/wp-json\/wp\/v2\/posts\/69902\/revisions"}],"wp:featuredmedia":[{"embeddable":true,"href":"https:\/\/fsmcv.org\/vl\/wp-json\/wp\/v2\/media\/69899"}],"wp:attachment":[{"href":"https:\/\/fsmcv.org\/vl\/wp-json\/wp\/v2\/media?parent=69902"}],"wp:term":[{"taxonomy":"category","embeddable":true,"href":"https:\/\/fsmcv.org\/vl\/wp-json\/wp\/v2\/categories?post=69902"},{"taxonomy":"post_tag","embeddable":true,"href":"https:\/\/fsmcv.org\/vl\/wp-json\/wp\/v2\/tags?post=69902"}],"curies":[{"name":"wp","href":"https:\/\/api.w.org\/{rel}","templated":true}]}}