{"id":69946,"date":"2023-11-17T14:10:20","date_gmt":"2023-11-17T13:10:20","guid":{"rendered":"https:\/\/fsmcv.org\/certamens\/la-banda-primitiva-de-rafelbunyol-ret-homenatge-al-compositor-andres-valero-castells\/"},"modified":"2023-11-17T14:15:41","modified_gmt":"2023-11-17T13:15:41","slug":"la-banda-primitiva-de-rafelbunyol-ret-homenatge-al-compositor-andres-valero-castells","status":"publish","type":"post","link":"https:\/\/fsmcv.org\/vl\/societats-musicals\/la-banda-primitiva-de-rafelbunyol-ret-homenatge-al-compositor-andres-valero-castells\/","title":{"rendered":"La Banda Primitiva de Rafelbunyol ret homenatge al compositor Andr\u00e9s Valero-Castells"},"content":{"rendered":"\n<p>La formaci\u00f3, dirigida per Ximo Tar\u00edn i un dels referents band\u00edsticos de la Comunitat Valenciana, oferir\u00e0 un concert monogr\u00e0fic que tindr\u00e0 lloc a l&#8217;Auditori de Rafelbunyol, dem\u00e0 dissabte 18 a les 19h. <\/p>\n\n<p>El programa del concert inclour\u00e0 Certamen d&#8217;Elda-<em>30 aniversari, Fa ra ri ri r\u00e0<\/em>, <em>i Simfonia (n\u00famero 4)<\/em> <em>de Plata<\/em> de Valero-Castells que aniran precedides de composicions de Bach, Mateo Flecha i H\u00e4ndel, en les quals estan inspirades.<\/p>\n\n<p>Este original plantejament de Tar\u00edn ajudar\u00e0 a contextualitzar les obres; i el director subratlla que \u201coferirem un exercici pedag\u00f2gic, tant per a la banda com per al p\u00fablic, per a entendre millor el seu discurs musical\u201d.<\/p>\n\n<p>Valero-Castells, que ha compost obres interpretades a Europa, Am\u00e8rica, \u00c0sia i Oceania, subratlla que \u201cla proposta de Tar\u00edn de contextualitzar les obres \u00e9s una excel\u00b7lent idea i estic segur que tindr\u00e0 un gran acolliment\u201d.<\/p>\n\n<p>Els Premis Carles Santos de la M\u00fasica Valenciana han nominat dues propostes en la categoria de millor disc de m\u00fasica cl\u00e0ssica que inclouen obres d&#8217;Andr\u00e9s Valero-Castells: el Duo \u00c1lvarez-Luj\u00e1n, i Luis Fern\u00e1ndez Castell\u00f3 i l&#8217;Orquestra Filharm\u00f2nica de la Universitat de Val\u00e8ncia.<\/p>\n\n<figure class=\"wp-block-image size-large\"><img decoding=\"async\" src=\"https:\/\/fsmcv.org\/wp-content\/uploads\/2023\/11\/03-Ximo-Tarin-01-1024x678.jpg\" alt=\"\" class=\"wp-image-69941\" title=\"\"><\/figure>\n","protected":false},"excerpt":{"rendered":"<p>La formaci\u00f3, dirigida per Ximo Tar\u00edn i un dels referents band\u00edsticos de la Comunitat Valenciana, oferir\u00e0 un concert monogr\u00e0fic que tindr\u00e0 lloc a l&#8217;Auditori de Rafelbunyol, dem\u00e0 dissabte 18 a les 19h. El programa del concert inclour\u00e0 Certamen d&#8217;Elda-30 aniversari, Fa ra ri ri r\u00e0, i Simfonia (n\u00famero 4) de Plata de Valero-Castells que aniran [&hellip;]<\/p>\n","protected":false},"author":17,"featured_media":69944,"comment_status":"open","ping_status":"closed","sticky":false,"template":"","format":"standard","meta":{"footnotes":""},"categories":[304,56],"tags":[],"class_list":["post-69946","post","type-post","status-publish","format-standard","has-post-thumbnail","hentry","category-altres","category-societats-musicals"],"_links":{"self":[{"href":"https:\/\/fsmcv.org\/vl\/wp-json\/wp\/v2\/posts\/69946","targetHints":{"allow":["GET"]}}],"collection":[{"href":"https:\/\/fsmcv.org\/vl\/wp-json\/wp\/v2\/posts"}],"about":[{"href":"https:\/\/fsmcv.org\/vl\/wp-json\/wp\/v2\/types\/post"}],"author":[{"embeddable":true,"href":"https:\/\/fsmcv.org\/vl\/wp-json\/wp\/v2\/users\/17"}],"replies":[{"embeddable":true,"href":"https:\/\/fsmcv.org\/vl\/wp-json\/wp\/v2\/comments?post=69946"}],"version-history":[{"count":0,"href":"https:\/\/fsmcv.org\/vl\/wp-json\/wp\/v2\/posts\/69946\/revisions"}],"wp:featuredmedia":[{"embeddable":true,"href":"https:\/\/fsmcv.org\/vl\/wp-json\/wp\/v2\/media\/69944"}],"wp:attachment":[{"href":"https:\/\/fsmcv.org\/vl\/wp-json\/wp\/v2\/media?parent=69946"}],"wp:term":[{"taxonomy":"category","embeddable":true,"href":"https:\/\/fsmcv.org\/vl\/wp-json\/wp\/v2\/categories?post=69946"},{"taxonomy":"post_tag","embeddable":true,"href":"https:\/\/fsmcv.org\/vl\/wp-json\/wp\/v2\/tags?post=69946"}],"curies":[{"name":"wp","href":"https:\/\/api.w.org\/{rel}","templated":true}]}}