{"id":7002,"date":"2017-11-29T09:02:57","date_gmt":"2017-11-29T08:02:57","guid":{"rendered":"https:\/\/fsmcv.org\/?post_type=fsmcv-noticias&#038;p=7002"},"modified":"2021-03-29T18:56:56","modified_gmt":"2021-03-29T16:56:56","slug":"musica-poesia-vicent-camps-smutf-trio","status":"publish","type":"post","link":"https:\/\/fsmcv.org\/vl\/societats-musicals\/musica-poesia-vicent-camps-smutf-trio\/","title":{"rendered":"M\u00fasica i poesia a c\u00e0rrec de Vicent Camps i SMUTF Trio"},"content":{"rendered":"<p>En el Bot\u00e0nic donem la benvinguda a desembre amb la proposta d&#8217;un recital po\u00e8tic en l&#8217;Estufa Freda, un espai on gaudir de bona m\u00fasica i versos de grans poetes i poetesses envoltats de vegetaci\u00f3. Caur\u00e0 la nit i amb ella deixarem la ment en blanc per a escoltar, amb la veu de Vicent Camps, les obres de Vicent Andr\u00e9s Estell\u00e9s, Ovidi Montllor, Marc Granell, Llu\u00eds Torres, Imma M\u00e1\u00f1ez, Llu\u00eds Rueda, Manel Garcia Grau, Marisol Gonz\u00e1lez Felip, Vicent N\u00e0cher Ferrero, Ram\u00f3n Ram\u00f3n, Mar\u00eda Calvo, \u00c0ngels Gregori i Alba Fluix\u00e0.<\/p>\n<p>Vicent Camps porta m\u00e9s de 25 anys recitant poesia, tant en valenci\u00e0 com en castell\u00e0, per a tots els p\u00fablics. La seua veu ha quedat registrada en diversos treballs en CDs i v\u00eddeos culturals i comercials. Ha gravat treballs per a l&#8217;ONCE i treballat com a narrador de poemes simf\u00f2nics al costat de bandes de m\u00fasica i orquestres. Ha editat un disc de poesia musicada al costat del guitarrista cl\u00e0ssic Jos\u00e9 Guerola, i ha publicat el llibre de poemes &#8220;Taller&#8221;.<\/p>\n<p>El recital estar\u00e0 acompanyat de la m\u00fasica de cambra del SMUTF TRIO, un conjunt de clarinet, piano i viol\u00ed, pertanyent a la Societat Musical La Uni\u00f3 de Tres Forques, entitat musical que compleix enguany el seu 20 aniversari. Ha col\u00b7laborat amb la Junta d&#8217;Abastos en diferents actes culturals celebrats en el districte.<\/p>\n<p><strong>Dades de l&#8217;esdeveniment<\/strong><\/p>\n<p>DIA: 1 DESEMBRE 2017<br \/>\nORGANITZA: Junta Municipal d&#8217;Abastos, Jard\u00ed Bot\u00e0nic, Gabinet de normalitzaci\u00f3 ling\u00fc\u00edstica de l&#8217;Ajuntament de Val\u00e8ncia<br \/>\nPREU: Entrada gratu\u00efta. No \u00e9s necess\u00e0ria inscripci\u00f3 pr\u00e8via<br \/>\nLLOC: Estufa Freda. Bot\u00e0nic.<br \/>\nHORA: 19.00h.<\/p>\n","protected":false},"excerpt":{"rendered":"<p>El recital estar\u00e0 acompanyat de la m\u00fasica de cambra del SMUTF TRIO, un conjunt de clarinet, piano i viol\u00ed, pertanyent a la Societat Musical La Uni\u00f3 de Tres Forques.<\/p>\n","protected":false},"author":2,"featured_media":0,"comment_status":"closed","ping_status":"closed","sticky":false,"template":"","format":"standard","meta":{"footnotes":""},"categories":[56],"tags":[],"class_list":["post-7002","post","type-post","status-publish","format-standard","hentry","category-societats-musicals"],"_links":{"self":[{"href":"https:\/\/fsmcv.org\/vl\/wp-json\/wp\/v2\/posts\/7002","targetHints":{"allow":["GET"]}}],"collection":[{"href":"https:\/\/fsmcv.org\/vl\/wp-json\/wp\/v2\/posts"}],"about":[{"href":"https:\/\/fsmcv.org\/vl\/wp-json\/wp\/v2\/types\/post"}],"author":[{"embeddable":true,"href":"https:\/\/fsmcv.org\/vl\/wp-json\/wp\/v2\/users\/2"}],"replies":[{"embeddable":true,"href":"https:\/\/fsmcv.org\/vl\/wp-json\/wp\/v2\/comments?post=7002"}],"version-history":[{"count":0,"href":"https:\/\/fsmcv.org\/vl\/wp-json\/wp\/v2\/posts\/7002\/revisions"}],"wp:attachment":[{"href":"https:\/\/fsmcv.org\/vl\/wp-json\/wp\/v2\/media?parent=7002"}],"wp:term":[{"taxonomy":"category","embeddable":true,"href":"https:\/\/fsmcv.org\/vl\/wp-json\/wp\/v2\/categories?post=7002"},{"taxonomy":"post_tag","embeddable":true,"href":"https:\/\/fsmcv.org\/vl\/wp-json\/wp\/v2\/tags?post=7002"}],"curies":[{"name":"wp","href":"https:\/\/api.w.org\/{rel}","templated":true}]}}