{"id":7007,"date":"2017-11-29T09:35:50","date_gmt":"2017-11-29T08:35:50","guid":{"rendered":"https:\/\/fsmcv.org\/?post_type=fsmcv-noticias&#038;p=7007"},"modified":"2021-03-29T18:56:41","modified_gmt":"2021-03-29T16:56:41","slug":"associacio-amics-musica-palma-gandia-celebra-festa-santa-cecilia","status":"publish","type":"post","link":"https:\/\/fsmcv.org\/vl\/societats-musicals\/associacio-amics-musica-palma-gandia-celebra-festa-santa-cecilia\/","title":{"rendered":"L&#8217;Associaci\u00f3 Amics de la M\u00fasica de Palma de Gandia celebra la festa en honor a Santa Cec\u00edlia"},"content":{"rendered":"<p>Com tots els anys, l&#8217;Associaci\u00f3 Amics de la M\u00fasica de Palma de Gandia celebra la festa en honor a Santa Cec\u00edlia, i que enguany tindr\u00e0 lloc els dies 1, 2 i 3 de desembre. Activitats per als estudiants de l&#8217;escola de m\u00fasica, com el berenar i projecci\u00f3 d&#8217;una pel\u00edcula per a tots els xiquets; activitats esportives per als m\u00fasics de la banda; sense deixar a banda altres activitats com: sopars per als m\u00fasics, cercavila i visita als nous m\u00fasics, entre altres.<\/p>\n<p>Destaca el concert del proper dissabte 2 de desembre que l&#8217;Associaci\u00f3 Amics de la M\u00fasica de Palma de Gandia celebra en honor a Santa Cec\u00edlia. Enguany presentarem &#8220;Una Nit de Musicals&#8221;, on interpretarem la m\u00fasica dels millors musicals de Broadway i contarem amb la veu dels alumnes de Cant de l&#8217;Escola de M\u00fasica de Palma (professora Mavi Lorente). Ser\u00e0 a les 20:00h a l&#8217;Auditori de la Casa de la Cultura de Palma de Gandia.<\/p>\n<p>La Banda Amics de la M\u00fasica de Palma sota la direcci\u00f3n de Vicent Mart\u00ed i Ferrer comen\u00e7ar\u00e0 amb l&#8217;obra <em>Jesuschrist Superstar<\/em> d&#8217;Andrew Lloyd Webber amb arranjament de Willy Hautvast, per a continuar amb <em>El Rei Lle\u00f3<\/em> d&#8217;Elton John\/ Hanz Zimmer amb arranjament de Hans van der Heide \u200ei, per a finalitzar la primera part, l&#8217;obra <em>El Fantasma de l&#8217;\u00d2pera<\/em> d&#8217;Andrew Lloyd Webber, arranjament de Johan de Meij.<\/p>\n<p>Ja per a la segona part la Banda Amics de la M\u00fasica de Palma interpretar\u00e0 <em>West Side Story<\/em> de Leonard Beinstein amb arranjament de WJ. Duthoit, continuant amb <em>Los Miserables<\/em> de A. Boubil\/CM Sch\u00f6nberg amb arranjament de Marcel Peeters, i per a acabar el concert amb <em>Abba Gold,<\/em> arranjament de Ron Sebregts.<\/p>\n<h4>Documentaci\u00f3<\/h4>\n<p><a href=\"https:\/\/fsmcv.org\/BTnet-storage\/wp-uploads\/2017\/11\/Santa-Cecilia-2017.pdf\" target=\"_blank\" rel=\"noopener noreferrer\">Llibret de les festes en PDF<\/a><\/p>\n","protected":false},"excerpt":{"rendered":"<p>L&#8217;Associaci\u00f3 Amics de la M\u00fasica de Palma de Gandia celebra el concert en honor a Santa Cec\u00edlia el proper dissabte 2 de desembre a les 20h.<\/p>\n","protected":false},"author":2,"featured_media":0,"comment_status":"closed","ping_status":"closed","sticky":false,"template":"","format":"standard","meta":{"footnotes":""},"categories":[56],"tags":[],"class_list":["post-7007","post","type-post","status-publish","format-standard","hentry","category-societats-musicals"],"_links":{"self":[{"href":"https:\/\/fsmcv.org\/vl\/wp-json\/wp\/v2\/posts\/7007","targetHints":{"allow":["GET"]}}],"collection":[{"href":"https:\/\/fsmcv.org\/vl\/wp-json\/wp\/v2\/posts"}],"about":[{"href":"https:\/\/fsmcv.org\/vl\/wp-json\/wp\/v2\/types\/post"}],"author":[{"embeddable":true,"href":"https:\/\/fsmcv.org\/vl\/wp-json\/wp\/v2\/users\/2"}],"replies":[{"embeddable":true,"href":"https:\/\/fsmcv.org\/vl\/wp-json\/wp\/v2\/comments?post=7007"}],"version-history":[{"count":0,"href":"https:\/\/fsmcv.org\/vl\/wp-json\/wp\/v2\/posts\/7007\/revisions"}],"wp:attachment":[{"href":"https:\/\/fsmcv.org\/vl\/wp-json\/wp\/v2\/media?parent=7007"}],"wp:term":[{"taxonomy":"category","embeddable":true,"href":"https:\/\/fsmcv.org\/vl\/wp-json\/wp\/v2\/categories?post=7007"},{"taxonomy":"post_tag","embeddable":true,"href":"https:\/\/fsmcv.org\/vl\/wp-json\/wp\/v2\/tags?post=7007"}],"curies":[{"name":"wp","href":"https:\/\/api.w.org\/{rel}","templated":true}]}}