{"id":70266,"date":"2023-11-30T12:06:23","date_gmt":"2023-11-30T11:06:23","guid":{"rendered":"https:\/\/fsmcv.org\/certamens\/la-unio-artistica-musical-de-navajas-celebra-santa-cecilia-2\/"},"modified":"2023-11-30T12:11:03","modified_gmt":"2023-11-30T11:11:03","slug":"la-unio-artistica-musical-de-navajas-celebra-santa-cecilia-2","status":"publish","type":"post","link":"https:\/\/fsmcv.org\/vl\/societats-musicals\/la-unio-artistica-musical-de-navajas-celebra-santa-cecilia-2\/","title":{"rendered":"La Uni\u00f3 Art\u00edstica Musical de Navajas celebra Santa Cecilia"},"content":{"rendered":"\n<p>La <strong>UNI\u00d3 ART\u00cdSTICA MUSICAL DE NAVAJAS<\/strong> celebra aquest pr\u00f2xim cap de setmana la festivitat de Santa Cecilia, la festa de la m\u00fasica que celebrem, cada any, per a homenatjar a tot el col\u00b7lectiu que forma part d&#8217;aquesta Societat Musical.<\/p>\n\n<p> \u201cS\u00f3n tres dies de trobada, fraternitat i celebraci\u00f3, la m\u00fasica \u00e9s aqueix element tan necessari per a mantindre a un poble viu i aquesta Societat Musical aix\u00ed ho desitja, treballant per a oferir m\u00fasica fent feli\u00e7 a les persones de Navajas, compartint cultura i germanor musical\u201d assenyala Luis Rosal\u00e9n, president de la UAM de Navajas.<\/p>\n\n<p>\u201cEnguany comptem amb la incorporaci\u00f3 d&#8217;una nova m\u00fasica, es tracta d&#8217;Elena Vi\u00f1ado amb el saxofon, i el nomenament com a s\u00f2cia d&#8217;honor de Luisa Escrig. D&#8217;altra banda, en el concert participaran alumnes\/as de l&#8217;Escola de M\u00fasica amb la posada en escena de Safari del compositor valenci\u00e0 Ferrer Ferran i el desig de donar participaci\u00f3 als quals en un futur puguen formar part de la nostra Banda\u201d.<\/p>\n\n<p>El programa d&#8217;actes el conforma:<\/p>\n\n<p><strong>Divendres 01 de desembre de 2023<\/strong><\/p>\n\n<p>A les 20:00 hores: Cercavila i ronda pels bars del poble.<\/p>\n\n<p>A les 22.00 hores: Sopar de sobaquillo per als socis, m\u00fasics, pares i educands en el Amuna.<\/p>\n\n<p><strong>Dissabte 02 de desembre de 2023<\/strong><\/p>\n\n<p>A les 19:00 hores: CONCERT de SANTA CECILIA a l&#8217;Amuna.<\/p>\n\n<figure class=\"wp-block-image size-large\"><img decoding=\"async\" src=\"https:\/\/fsmcv.org\/wp-content\/uploads\/2023\/11\/05-722x1024.jpg\" alt=\"\" class=\"wp-image-70261\" title=\"\"><\/figure>\n\n<p>A les 21.30 hores: Sopa \u201cBufet\u201d i festa en el Amuna. <\/p>\n\n<p><strong>Diumenge 03 de desembre de 2023<\/strong><\/p>\n\n<p>A les 09:00 hores: Diana i Xocolat\u00e0.<\/p>\n\n<p>A les 12.00 hores: Cercavila de recollida de la nova m\u00fasica que s&#8217;incorpora a la Banda, <strong>Elena Vi\u00f1ado Sanz<\/strong> i acte de reconeixement a la S\u00f2cia d&#8217;Honor de la Societat Musical, <strong>Luisa Escrig Villalba.<\/strong><\/p>\n\n<p>A continuaci\u00f3, es realitzar\u00e0 la tradicional \u201cFoto de Record Santa Cecilia 2023\u201d.<\/p>\n\n<p>A les 14:00 horas: Menjar de Germanor, servida en el Restaurant \u201cAltomira\u201d.<\/p>\n\n<figure class=\"wp-block-image size-large\"><img decoding=\"async\" src=\"https:\/\/fsmcv.org\/wp-content\/uploads\/2023\/11\/04-722x1024.jpg\" alt=\"\" class=\"wp-image-70263\" title=\"\"><\/figure>\n","protected":false},"excerpt":{"rendered":"<p>La UNI\u00d3 ART\u00cdSTICA MUSICAL DE NAVAJAS celebra aquest pr\u00f2xim cap de setmana la festivitat de Santa Cecilia, la festa de la m\u00fasica que celebrem, cada any, per a homenatjar a tot el col\u00b7lectiu que forma part d&#8217;aquesta Societat Musical. \u201cS\u00f3n tres dies de trobada, fraternitat i celebraci\u00f3, la m\u00fasica \u00e9s aqueix element tan necessari per [&hellip;]<\/p>\n","protected":false},"author":17,"featured_media":70258,"comment_status":"open","ping_status":"closed","sticky":false,"template":"","format":"standard","meta":{"footnotes":""},"categories":[56],"tags":[],"class_list":["post-70266","post","type-post","status-publish","format-standard","has-post-thumbnail","hentry","category-societats-musicals"],"_links":{"self":[{"href":"https:\/\/fsmcv.org\/vl\/wp-json\/wp\/v2\/posts\/70266","targetHints":{"allow":["GET"]}}],"collection":[{"href":"https:\/\/fsmcv.org\/vl\/wp-json\/wp\/v2\/posts"}],"about":[{"href":"https:\/\/fsmcv.org\/vl\/wp-json\/wp\/v2\/types\/post"}],"author":[{"embeddable":true,"href":"https:\/\/fsmcv.org\/vl\/wp-json\/wp\/v2\/users\/17"}],"replies":[{"embeddable":true,"href":"https:\/\/fsmcv.org\/vl\/wp-json\/wp\/v2\/comments?post=70266"}],"version-history":[{"count":0,"href":"https:\/\/fsmcv.org\/vl\/wp-json\/wp\/v2\/posts\/70266\/revisions"}],"wp:featuredmedia":[{"embeddable":true,"href":"https:\/\/fsmcv.org\/vl\/wp-json\/wp\/v2\/media\/70258"}],"wp:attachment":[{"href":"https:\/\/fsmcv.org\/vl\/wp-json\/wp\/v2\/media?parent=70266"}],"wp:term":[{"taxonomy":"category","embeddable":true,"href":"https:\/\/fsmcv.org\/vl\/wp-json\/wp\/v2\/categories?post=70266"},{"taxonomy":"post_tag","embeddable":true,"href":"https:\/\/fsmcv.org\/vl\/wp-json\/wp\/v2\/tags?post=70266"}],"curies":[{"name":"wp","href":"https:\/\/api.w.org\/{rel}","templated":true}]}}