{"id":70292,"date":"2023-12-01T10:31:03","date_gmt":"2023-12-01T09:31:03","guid":{"rendered":"https:\/\/fsmcv.org\/certamens\/andres-colomina-bernabeu-nou-director-de-la-unio-musical-de-torrellano-umt\/"},"modified":"2023-12-01T10:38:27","modified_gmt":"2023-12-01T09:38:27","slug":"andres-colomina-bernabeu-nou-director-de-la-unio-musical-de-torrellano-umt","status":"publish","type":"post","link":"https:\/\/fsmcv.org\/vl\/societats-musicals\/andres-colomina-bernabeu-nou-director-de-la-unio-musical-de-torrellano-umt\/","title":{"rendered":"Andr\u00e9s Colomina Bernabeu nou director de la Uni\u00f3 Musical de Torrellano UMT"},"content":{"rendered":"\n<p>La Uni\u00f3 Musical de Torrellano ha comen\u00e7at una nova etapa amb nou director al capdavant de la seua Banda.<\/p>\n\n<p>Despr\u00e9s d&#8217;un proc\u00e9s de selecci\u00f3 i amb la col\u00b7laboraci\u00f3 dels directors predecessors, l&#8217;alacant\u00ed Andr\u00e9s Colomina Bernabeu ha resultat elegit nou Director Titular de la Uni\u00f3 Musical de Torrellano.<\/p>\n\n<figure class=\"wp-block-image size-full\"><img fetchpriority=\"high\" decoding=\"async\" width=\"579\" height=\"768\" src=\"https:\/\/fsmcv.org\/wp-content\/uploads\/2023\/12\/UMT.png\" alt=\"\" class=\"wp-image-70285\" title=\"\"><\/figure>\n\n<p>Des d&#8217;el mes de setembre passat ja es troba treballant amb la Banda i en el pr\u00f2xim concert en honor a Santa Cecilia (2 de desembre de 2023) ser\u00e0 presentat com a nou Director.<\/p>\n\n<p>Andr\u00e9s Colomina Benabeu (Alacant, 1973), finalitza els seus estudis superiors al juny de 2002, i obt\u00e9 el t\u00edtol de professor superior de tuba en el conservatori superior \u201cOscar Espl\u00e1\u201d d&#8217;Alacant, amb el professor Juan Palacios. <\/p>\n\n<p>En 1998 fonga la Banda Juvenil de la SCD Carolines d&#8217;Alacant i l&#8217;any 2000, crea el Quintet de Metalls \u201cLLOIXA\u201d. En 2005, al costat d&#8217;un grup de m\u00fasics i amics, fonga L\u00b4HARMONIA Societat Musical Alacant. En 2012 \u00e9s nomenat director de la Uni\u00f3 Musical d\u2019Ibi. Ha actuat com a director convidat en les Bandes de la S.C.D Carolines d&#8217;Alacant (2004), la S. M. \u201cL&#8217;Esperan\u00e7a\u201d de Sant Vicent del Raspeig (2008), Banda del Conservatori Professional d&#8217;Altea (2012), Va unir Musical de La Nucia (2020) i L\u2019HARMONIA Societat Musical d\u2019Alacant (2022). <\/p>\n\n<p>El seu historial de cursos, congressos, concerts, articles, seminaris i confer\u00e8ncies \u00e9s extens. En el camp de la direcci\u00f3 ha participat en cursos de direcci\u00f3 de banda i orquestra organitzats per la societat musical \u201cL&#8217;Alian\u00e7a\u201d de Mutxamel. Des de 2007 fins a 2010, estudia direcci\u00f3 de banda amb els Mestres Jos\u00e9 Rafael Pascual Vilaplana i Ramon Garc\u00eda i Soler en els cursos de direcci\u00f3 de Banda organitzats per la Universitat Polit\u00e8cnica de Val\u00e8ncia i Els Joventuts Musicals de la Vall d&#8217;Albaida. A l&#8217;octubre de 2021 realitza un curs de direcci\u00f3 d&#8217;orquestra amb el director Cristobal Soler, organitzat per la FSMCV.<\/p>\n\n<p>A destacar \u00e9s la seua labor com a Director de la Societat Recreativa Musical d\u2019Altea la Vella, que comen\u00e7a al juny de 2003 i conclou el passat 25 de novembre de 2023, amb la direcci\u00f3 del Concert de Santa Cecilia. Ha sigut una etapa de 20 anys, m\u00e9s de 150 concerts realitzats, i la participaci\u00f3 en diversos Cert\u00e0mens.<\/p>\n\n<p>Actualment \u00e9s professor de m\u00fasica d&#8217;Ensenyament Secundari Obligatori en la Fundaci\u00f3 Sant Joan i Sant Pau d&#8217;Ibi (Alacant), professor de tuba en la Societat Musical \u201c*Ruperto Chap\u00ed\u201d de Villena i professor de Llenguatge Musical en la Escola de M\u00fasica de la Societat Musical L\u2019HARMONIA d\u2019Alacant. Esta activitat docent la compagina amb la seua recent incorporaci\u00f3 a la Uni\u00f3 Musical de Torrellano com a director la seua escola de m\u00fasica i director art\u00edstic de la banda.<\/p>\n","protected":false},"excerpt":{"rendered":"<p>La Uni\u00f3 Musical de Torrellano ha comen\u00e7at una nova etapa amb nou director al capdavant de la seua Banda. Despr\u00e9s d&#8217;un proc\u00e9s de selecci\u00f3 i amb la col\u00b7laboraci\u00f3 dels directors predecessors, l&#8217;alacant\u00ed Andr\u00e9s Colomina Bernabeu ha resultat elegit nou Director Titular de la Uni\u00f3 Musical de Torrellano. Des d&#8217;el mes de setembre passat ja es [&hellip;]<\/p>\n","protected":false},"author":17,"featured_media":70290,"comment_status":"open","ping_status":"closed","sticky":false,"template":"","format":"standard","meta":{"footnotes":""},"categories":[56],"tags":[],"class_list":["post-70292","post","type-post","status-publish","format-standard","has-post-thumbnail","hentry","category-societats-musicals"],"_links":{"self":[{"href":"https:\/\/fsmcv.org\/vl\/wp-json\/wp\/v2\/posts\/70292","targetHints":{"allow":["GET"]}}],"collection":[{"href":"https:\/\/fsmcv.org\/vl\/wp-json\/wp\/v2\/posts"}],"about":[{"href":"https:\/\/fsmcv.org\/vl\/wp-json\/wp\/v2\/types\/post"}],"author":[{"embeddable":true,"href":"https:\/\/fsmcv.org\/vl\/wp-json\/wp\/v2\/users\/17"}],"replies":[{"embeddable":true,"href":"https:\/\/fsmcv.org\/vl\/wp-json\/wp\/v2\/comments?post=70292"}],"version-history":[{"count":0,"href":"https:\/\/fsmcv.org\/vl\/wp-json\/wp\/v2\/posts\/70292\/revisions"}],"wp:featuredmedia":[{"embeddable":true,"href":"https:\/\/fsmcv.org\/vl\/wp-json\/wp\/v2\/media\/70290"}],"wp:attachment":[{"href":"https:\/\/fsmcv.org\/vl\/wp-json\/wp\/v2\/media?parent=70292"}],"wp:term":[{"taxonomy":"category","embeddable":true,"href":"https:\/\/fsmcv.org\/vl\/wp-json\/wp\/v2\/categories?post=70292"},{"taxonomy":"post_tag","embeddable":true,"href":"https:\/\/fsmcv.org\/vl\/wp-json\/wp\/v2\/tags?post=70292"}],"curies":[{"name":"wp","href":"https:\/\/api.w.org\/{rel}","templated":true}]}}