{"id":70322,"date":"2023-12-04T10:17:19","date_gmt":"2023-12-04T09:17:19","guid":{"rendered":"https:\/\/fsmcv.org\/certamens\/bases-del-xiii-concurs-de-musica-de-cambra-dalzira-2\/"},"modified":"2023-12-04T10:26:50","modified_gmt":"2023-12-04T09:26:50","slug":"bases-del-xiii-concurs-de-musica-de-cambra-dalzira-2","status":"publish","type":"post","link":"https:\/\/fsmcv.org\/vl\/convocatories-publiques\/bases-del-xiii-concurs-de-musica-de-cambra-dalzira-2\/","title":{"rendered":"Bases del XIII Concurs de M\u00fasica de Cambra d&#8217;Alzira"},"content":{"rendered":"\n<p>L&#8217;Excm. Ajuntament d&#8217;Alzira en col\u00b7laboraci\u00f3 amb la Societat Musical d&#8217;Alzira i la Falla El Mercat d&#8217;Alzira, organitzen el XIII Concurs de M\u00fasica d&#8217;Alzira que se celebrar\u00e0 el 17 de febrer de 2024 a l&#8217;Auditori de la Casa de la Cultura d&#8217;Alzira. <\/p>\n\n<p><strong>PARTICIPANTS<\/strong><\/p>\n\n<p>Podran participar en este concurs els int\u00e8rprets que no hagen complit encara els 30 anys d&#8217;edat el dia en qu\u00e8 finalitze el concurs, amb una mitjana d&#8217;edat del grup m\u00e0xima de 27 anys. Els conjunts hauran d&#8217;estar formats per un m\u00ednim de 2 components i un m\u00e0xim de 5. Cap component del grup podr\u00e0 formar part d&#8217;un altre grup participant.<\/p>\n\n<p><strong>PREMIS<\/strong><\/p>\n\n<ul class=\"wp-block-list\">\n<li><strong>1r Premi:<\/strong> Diploma i Realitzaci\u00f3 d&#8217;un concert: En la programaci\u00f3 cultural de l&#8217;any 2024 patrocinat per l&#8217;Excm. Ajuntament d&#8217;Alzira amb un caixet de 1.800 \u20ac<\/li>\n\n\n\n<li><strong>Finalistes<\/strong>: Diploma i 300 \u20ac a cadascun dels dos grups finalistes que no obtinguen el Primer Premi<\/li>\n\n\n\n<li><strong>Premi del P\u00fablico:<\/strong> 100 \u20ac. Els assistents a la Prova Final determinaran mitjan\u00e7ant votaci\u00f3 el Premi del P\u00fablico<\/li>\n<\/ul>\n\n<p><\/p>\n\n<p><strong>El termini d&#8217;inscripci\u00f3 finalitzar\u00e0 a les 24 h del dia 4 de febrer de 2024.<\/strong><\/p>\n\n<p><a href=\"https:\/\/fsmcv.org\/wp-content\/uploads\/2023\/12\/Bases-XIII-Concurs-de-musica-de-cambra-d%C2%B4Alzira-2024.pdf\" data-type=\"link\" data-id=\"https:\/\/fsmcv.org\/wp-content\/uploads\/2023\/12\/Bases-XIII-Concurs-de-musica-de-cambra-d&#xB4;Alzira-2024.pdf\"><strong>Bases XIII Concurs de M\u00fasica de Cambra d&#8217;Alzira<\/strong><\/a><\/p>\n\n<figure class=\"wp-block-image aligncenter size-full\"><img fetchpriority=\"high\" decoding=\"async\" width=\"550\" height=\"778\" src=\"https:\/\/fsmcv.org\/wp-content\/uploads\/2023\/12\/d16a30e5-8881-4d8b-8469-6ffdc5d154df-1.jpeg\" alt=\"\" class=\"wp-image-70318\" title=\"\"><\/figure>\n","protected":false},"excerpt":{"rendered":"<p>L&#8217;Excm. Ajuntament d&#8217;Alzira en col\u00b7laboraci\u00f3 amb la Societat Musical d&#8217;Alzira i la Falla El Mercat d&#8217;Alzira, organitzen el XIII Concurs de M\u00fasica d&#8217;Alzira que se celebrar\u00e0 el 17 de febrer de 2024 a l&#8217;Auditori de la Casa de la Cultura d&#8217;Alzira. PARTICIPANTS Podran participar en este concurs els int\u00e8rprets que no hagen complit encara els [&hellip;]<\/p>\n","protected":false},"author":17,"featured_media":70316,"comment_status":"open","ping_status":"closed","sticky":false,"template":"","format":"standard","meta":{"footnotes":""},"categories":[45,56],"tags":[],"class_list":["post-70322","post","type-post","status-publish","format-standard","has-post-thumbnail","hentry","category-convocatories-publiques","category-societats-musicals"],"_links":{"self":[{"href":"https:\/\/fsmcv.org\/vl\/wp-json\/wp\/v2\/posts\/70322","targetHints":{"allow":["GET"]}}],"collection":[{"href":"https:\/\/fsmcv.org\/vl\/wp-json\/wp\/v2\/posts"}],"about":[{"href":"https:\/\/fsmcv.org\/vl\/wp-json\/wp\/v2\/types\/post"}],"author":[{"embeddable":true,"href":"https:\/\/fsmcv.org\/vl\/wp-json\/wp\/v2\/users\/17"}],"replies":[{"embeddable":true,"href":"https:\/\/fsmcv.org\/vl\/wp-json\/wp\/v2\/comments?post=70322"}],"version-history":[{"count":0,"href":"https:\/\/fsmcv.org\/vl\/wp-json\/wp\/v2\/posts\/70322\/revisions"}],"wp:featuredmedia":[{"embeddable":true,"href":"https:\/\/fsmcv.org\/vl\/wp-json\/wp\/v2\/media\/70316"}],"wp:attachment":[{"href":"https:\/\/fsmcv.org\/vl\/wp-json\/wp\/v2\/media?parent=70322"}],"wp:term":[{"taxonomy":"category","embeddable":true,"href":"https:\/\/fsmcv.org\/vl\/wp-json\/wp\/v2\/categories?post=70322"},{"taxonomy":"post_tag","embeddable":true,"href":"https:\/\/fsmcv.org\/vl\/wp-json\/wp\/v2\/tags?post=70322"}],"curies":[{"name":"wp","href":"https:\/\/api.w.org\/{rel}","templated":true}]}}