{"id":71057,"date":"2024-01-29T13:33:38","date_gmt":"2024-01-29T12:33:38","guid":{"rendered":"https:\/\/fsmcv.org\/certamens\/publicacio-de-les-bases-del-xlv-certamen-provincial-de-bandes-de-musica-de-castello-2024\/"},"modified":"2024-02-01T09:26:49","modified_gmt":"2024-02-01T08:26:49","slug":"publicacio-de-les-bases-del-xlv-certamen-provincial-de-bandes-de-musica-de-castello-2024","status":"publish","type":"post","link":"https:\/\/fsmcv.org\/vl\/convocatories-publiques\/publicacio-de-les-bases-del-xlv-certamen-provincial-de-bandes-de-musica-de-castello-2024\/","title":{"rendered":"Convocat\u00f2ria del XLV Certamen Provincial de Bandes de M\u00fasica de Castell\u00f3, 2024"},"content":{"rendered":"\n<p>La finalitat del Certamen, en el qual la m\u00fasica de banda \u00e9s la protagonista com a part del patrimoni cultural immaterial valenci\u00e0, \u00e9s fomentar, protegir i difondre este tipus de m\u00fasica i afavorir la compet\u00e8ncia entre les societats musicals participants per a fomentar l&#8217;estudi i la cerca de l&#8217;excel\u00b7l\u00e8ncia en la interpretaci\u00f3 musical.<\/p>\n\n<p>Els beneficiaris s\u00f3n les Societats Musicals Federades de la Prov\u00edncia de Castell\u00f3.<\/p>\n\n<p>El <strong>termini d&#8217;inscripci\u00f3 ser\u00e0 de 15 DIES NATURALS<\/strong> a comptar des de l&#8217;endem\u00e0 de la publicaci\u00f3 de l&#8217;extracte de la convocat\u00f2ria en el Butllet\u00ed Oficial de la Prov\u00edncia de Castell\u00f3.<\/p>\n\n<p>Adjuntem bases i extracte: <a href=\"https:\/\/fsmcv.org\/wp-content\/uploads\/2024\/01\/BOP-C-Bases-Certamen-provincial.pdf\">Bases Certamen Provincial 2024<\/a> , <a href=\"https:\/\/fsmcv.org\/wp-content\/uploads\/2024\/02\/BOP-C-Ext.-Certamen-Castellon.pdf\">Extracte Certamen Provincial 2024<\/a><\/p>\n","protected":false},"excerpt":{"rendered":"<p>La finalitat del Certamen, en el qual la m\u00fasica de banda \u00e9s la protagonista com a part del patrimoni cultural immaterial valenci\u00e0, \u00e9s fomentar, protegir i difondre este tipus de m\u00fasica i afavorir la compet\u00e8ncia entre les societats musicals participants per a fomentar l&#8217;estudi i la cerca de l&#8217;excel\u00b7l\u00e8ncia en la interpretaci\u00f3 musical. Els beneficiaris [&hellip;]<\/p>\n","protected":false},"author":17,"featured_media":68858,"comment_status":"closed","ping_status":"closed","sticky":false,"template":"","format":"standard","meta":{"footnotes":""},"categories":[45],"tags":[],"class_list":["post-71057","post","type-post","status-publish","format-standard","has-post-thumbnail","hentry","category-convocatories-publiques"],"_links":{"self":[{"href":"https:\/\/fsmcv.org\/vl\/wp-json\/wp\/v2\/posts\/71057","targetHints":{"allow":["GET"]}}],"collection":[{"href":"https:\/\/fsmcv.org\/vl\/wp-json\/wp\/v2\/posts"}],"about":[{"href":"https:\/\/fsmcv.org\/vl\/wp-json\/wp\/v2\/types\/post"}],"author":[{"embeddable":true,"href":"https:\/\/fsmcv.org\/vl\/wp-json\/wp\/v2\/users\/17"}],"replies":[{"embeddable":true,"href":"https:\/\/fsmcv.org\/vl\/wp-json\/wp\/v2\/comments?post=71057"}],"version-history":[{"count":0,"href":"https:\/\/fsmcv.org\/vl\/wp-json\/wp\/v2\/posts\/71057\/revisions"}],"wp:featuredmedia":[{"embeddable":true,"href":"https:\/\/fsmcv.org\/vl\/wp-json\/wp\/v2\/media\/68858"}],"wp:attachment":[{"href":"https:\/\/fsmcv.org\/vl\/wp-json\/wp\/v2\/media?parent=71057"}],"wp:term":[{"taxonomy":"category","embeddable":true,"href":"https:\/\/fsmcv.org\/vl\/wp-json\/wp\/v2\/categories?post=71057"},{"taxonomy":"post_tag","embeddable":true,"href":"https:\/\/fsmcv.org\/vl\/wp-json\/wp\/v2\/tags?post=71057"}],"curies":[{"name":"wp","href":"https:\/\/api.w.org\/{rel}","templated":true}]}}