{"id":7125,"date":"2017-12-04T09:19:23","date_gmt":"2017-12-04T08:19:23","guid":{"rendered":"https:\/\/fsmcv.org\/?post_type=fsmcv-noticias&#038;p=7125"},"modified":"2021-03-29T18:55:12","modified_gmt":"2021-03-29T16:55:12","slug":"societat-musical-vinalesa-celebra-santa-cecilia-diferents-actes","status":"publish","type":"post","link":"https:\/\/fsmcv.org\/vl\/societats-musicals\/societat-musical-vinalesa-celebra-santa-cecilia-diferents-actes\/","title":{"rendered":"La Societat Musical de Vinalesa celebra Santa Cec\u00edlia amb diferents actes"},"content":{"rendered":"<p>La Societat Musical de Vinalesa es troba celebrant la festivitat de Santa Cec\u00edlia i per a aix\u00f2 ha organitzat diferents actes.<\/p>\n<p>Divendres 24 de novembre van tindre lloc audicions de diferents aules de l&#8217;escola de m\u00fasica, seguit de berenar i concert de la banda juvenil. Mentre que dissabte 25, la banda juvenil juntament amb la banda simf\u00f2nica desfilaren en cercavila pel poble per despr\u00e9s dinar al Musical el t\u00edpic plat de l&#8217;Horta, &#8220;Caldera&#8221;.<\/p>\n<p>El dia 16 de desembre, a les 18h, es celebrar\u00e0 el cercavila de recollida dels nous membres de la banda simf\u00f2nica. A continuaci\u00f3 es far\u00e0 el concert de Santa Cec\u00edlia i Nadal on s&#8217;interpretaran obres com <em>El Dorado<\/em> (Carlos Vall\u00e9s), <em>Antic Musical<\/em> i <em>22 de Desembre<\/em> (Enrique Hernandis), i <em>Vixca Vinalesa<\/em> (Agustin Judas), entre uns altres. A la primera part actuar\u00e0 la Coral P\u00ed de l&#8217;Anell, agrupaci\u00f3 vocal de la SRM Vinalesa, amb el seu director, Sergi Cunyat. En acabar es far\u00e0 un sopar de germanor als salons Roquenublo de Pobla de Farnals.<\/p>\n<p>A m\u00e9s d&#8217;aquestos actes, els pr\u00f2xims dies 19 i 20 de desembre continuaran amb la festa a l&#8217;escola, on es faran activitats i audicions al local social a les 19h. Com a colof\u00f3 de la festa, el dia 22 es celebrar\u00e0 el partit de f\u00fatbol tradicional, de metall, fusta i percussi\u00f3, amb posterior sopar de germanor, i el dia 23, la banda juvenil desfilar\u00e0 en cercavila interpretant nadales amb els alumnes de l&#8217;escola cantant per tots els comer\u00e7os del poble.<\/p>\n<h4>Societat Renaixement Musical de Vinalesa<\/h4>\n<p><img fetchpriority=\"high\" decoding=\"async\" class=\"aligncenter size-full wp-image-7126\" src=\"https:\/\/fsmcv.org\/BTnet-storage\/wp-uploads\/2017\/12\/24296839_1684338111617360_7387391692094574331_n.jpg\" alt=\"\" width=\"960\" height=\"540\" title=\"\"><\/p>\n<p>La SRM Vinalesa est\u00e0 formada per uns 60 m\u00fasics, va ser fundada en 1953 i \u00e9s part\u00edcep de les activitats i concerts dins de la programaci\u00f3 de la FSMCV. Cal destacar la seua participaci\u00f3 al certamen d&#8217;Elda (2n premi) i Certamen de la Diputaci\u00f3 de Val\u00e8ncia (2n premi).<\/p>\n<p>La SRM Vinalesa \u00e9s un grup social actiu amb programaci\u00f3 anual d&#8217;activitats al poble, viatges (Alemanya i Gal\u00edcia), concerts al municipi i pels voltants, m\u00e9s actuacions festeres com Moros i Cristians, cercaviles i processons.<\/p>\n<p>L&#8217;escola Esteban Esteve compta amb uns 60 alumnes, amb classes de vent fusta, vent metall, percussi\u00f3, cant, cello, banda juvenil, banda sinf\u00f3nica, solfeig i jard\u00ed musical.<\/p>\n","protected":false},"excerpt":{"rendered":"<p>La Societat Musical de Vinalesa es troba celebrant la festivitat de Santa Cec\u00edlia i per a aix\u00f2 ha organitzat diferents actes. Divendres 16 de desembre tindr\u00e0 lloc el tradicional concert en honor a la patrona de la m\u00fasica.<\/p>\n","protected":false},"author":2,"featured_media":0,"comment_status":"closed","ping_status":"closed","sticky":false,"template":"","format":"standard","meta":{"footnotes":""},"categories":[56],"tags":[],"class_list":["post-7125","post","type-post","status-publish","format-standard","hentry","category-societats-musicals"],"_links":{"self":[{"href":"https:\/\/fsmcv.org\/vl\/wp-json\/wp\/v2\/posts\/7125","targetHints":{"allow":["GET"]}}],"collection":[{"href":"https:\/\/fsmcv.org\/vl\/wp-json\/wp\/v2\/posts"}],"about":[{"href":"https:\/\/fsmcv.org\/vl\/wp-json\/wp\/v2\/types\/post"}],"author":[{"embeddable":true,"href":"https:\/\/fsmcv.org\/vl\/wp-json\/wp\/v2\/users\/2"}],"replies":[{"embeddable":true,"href":"https:\/\/fsmcv.org\/vl\/wp-json\/wp\/v2\/comments?post=7125"}],"version-history":[{"count":0,"href":"https:\/\/fsmcv.org\/vl\/wp-json\/wp\/v2\/posts\/7125\/revisions"}],"wp:attachment":[{"href":"https:\/\/fsmcv.org\/vl\/wp-json\/wp\/v2\/media?parent=7125"}],"wp:term":[{"taxonomy":"category","embeddable":true,"href":"https:\/\/fsmcv.org\/vl\/wp-json\/wp\/v2\/categories?post=7125"},{"taxonomy":"post_tag","embeddable":true,"href":"https:\/\/fsmcv.org\/vl\/wp-json\/wp\/v2\/tags?post=7125"}],"curies":[{"name":"wp","href":"https:\/\/api.w.org\/{rel}","templated":true}]}}